{"id":201369,"date":"2023-11-23T08:54:34","date_gmt":"2023-11-23T14:54:34","guid":{"rendered":"https:\/\/www.enteratever.com\/2023\/?p=201369"},"modified":"2023-11-23T08:54:38","modified_gmt":"2023-11-23T14:54:38","slug":"diego-prieto-hernandez-inauguro-la-reunion-internacional-de-gestores","status":"publish","type":"post","link":"https:\/\/www.enteratever.com\/2023\/2023\/11\/23\/diego-prieto-hernandez-inauguro-la-reunion-internacional-de-gestores\/","title":{"rendered":"Diego Prieto Hern\u00e1ndez inaugur\u00f3 la Reuni\u00f3n Internacional de Gestores"},"content":{"rendered":"<p>Visitas: 4<\/p>\n<p>El director general del Instituto Nacional de Antropolog\u00eda e Historia (INAH), Diego Prieto Hern\u00e1ndez, inaugur\u00f3 la Reuni\u00f3n Internacional de Gestores. \u201cGesti\u00f3n en los sitios del Patrimonio Mundial frente a las legislaciones nacionales e internacionales\u201d, la cual cont\u00f3 con dos sesiones, las cuales fueron transmitidas por INAH TV: <a href=\"https:\/\/www.youtube.com\/live\/Aezjeo0sKrs?si=7p6RtqLDSmG_4eDW\">matutina<\/a> y <a href=\"https:\/\/www.youtube.com\/live\/i4SwbxoKpdY?si=FWc35Qu9s18yuq4z\">vespertina<\/a>, el 21 de noviembre de 2023.<\/p>\n\n\n\n<p>El moderador del encuentro anual es el subdirector de Patrimonio Mundial, Francisco Vidargas Acosta, quien comenz\u00f3 la sesi\u00f3n matutina dando la noticia del fallecimiento de <a href=\"https:\/\/www.inah.gob.mx\/boletines\/la-secretaria-de-cultura-y-el-inah-lamentan-el-fallecimiento-del-arqueologo-olaf-jaime-riveron\">Olaf Jaime River\u00f3n<\/a>, director de la Zona Arqueol\u00f3gica de Taj\u00edn, por lo que \u00e9l y Prieto Hern\u00e1ndez reconocieron la labor y compromiso del arque\u00f3logo y maestro en Antropolog\u00eda con la cultura del Totonacapan y dentro de los caminos de la gesti\u00f3n cultural.<\/p>\n\n\n\n<p>La reuni\u00f3n, organizada por la Secretar\u00eda de Cultura del Gobierno de M\u00e9xico, a trav\u00e9s de la Direcci\u00f3n de Patrimonio Mundial del INAH, en colaboraci\u00f3n con la Comisi\u00f3n Nacional de \u00c1reas Naturales Protegidas y del Instituto Nacional de Bellas Artes y Literatura, se desarrolla con la participaci\u00f3n de 30 gestores culturales de M\u00e9xico, Guatemala y Argentina.<\/p>\n\n\n\n<p>En el discurso de inauguraci\u00f3n, Prieto Hern\u00e1ndez habl\u00f3 sobre la historia de las acciones y leyes de salvaguarda de los elementos arqueol\u00f3gicos, art\u00edsticos e hist\u00f3ricos, desde la \u00e9poca colonial y decimon\u00f3nica, hasta llegar a las legislaciones del Estado mexicano que fueron creadas a lo largo del siglo XX, y cuya importancia y vigencia son importantes en el devenir del pa\u00eds.<\/p>\n\n\n\n<p>El antrop\u00f3logo refiri\u00f3: \u201cDe ah\u00ed qu\u00e9, en 1939, surgiera, para acometer esta inmensa tarea de salvaguardar el patrimonio cultural, el Instituto Nacional de Antropolog\u00eda e Historia, con la tarea de estudiar, preservar, proteger y difundir el patrimonio cultural de M\u00e9xico; particularmente, el arqueol\u00f3gico e hist\u00f3rico, pero tambi\u00e9n estudiar y dar cuenta de los rasgos culturales que caracterizan a las poblaciones de la naci\u00f3n\u201d.<\/p>\n\n\n\n<p>As\u00edmismo, destac\u00f3 la lugar de M\u00e9xico en el plano internacional, \u201cal ser el pa\u00eds del continente americano que cuenta con el mayor n\u00famero de bienes culturales, naturales o mixtos, y ocupa la s\u00e9ptima posici\u00f3n a nivel global, por lo cual los espacios de reflexi\u00f3n y de an\u00e1lisis del impacto de las pol\u00edticas globales y locales son una labor sustantiva y de gran relevancia para el pa\u00eds\u201d, afirm\u00f3.<\/p>\n\n\n\n<p>En seguida, el abogado argentino diestro en derecho penal, ambiental y en la lucha contra el crimen organizado, Pablo Gasipi, auxiliar fiscal de Justicia en lo Criminal y Correccional de la Capital Federal de Argentina, dio la conferencia \u00abAm\u00e9rica Latina y los l\u00edmites de la legalidad\u00bb; despu\u00e9s, el director de la Academia Diplom\u00e1tica del Instituto Mat\u00edas Romero, de la Secretar\u00eda de Relaciones Exteriores, Sergio Estrada Rojas, habl\u00f3 del \u00abMarco normativo y legal para la proyecci\u00f3n del patrimonio mundial\u00bb.<\/p>\n\n\n\n<p>Despu\u00e9s, participaron con reflexiones sobre sus experiencias, diferentes gestores, entre ellos, el titular de la Zona Arqueol\u00f3gica de Teotihuacan, Rogelio Rivero Chong; del Campus Central de Ciudad Universitaria, Louse Noelle Gras; de la Zona Arqueol\u00f3gica de Monte Alb\u00e1n, David Andrade Olvera; y de la presidencia municipal de San Miguel de Allende, Guanajuato, Emilio Lara Sandoval, quien expuso sobre la Villa Protectora de San Miguel y el Santuario de Jes\u00fas Nazareno.<\/p>\n\n\n\n<p>Hoy concluye la reuni\u00f3n con la conferencia \u201cProtecci\u00f3n jur\u00eddica del patrimonio cultural: visi\u00f3n comparativa entre M\u00e9xico y el contexto regional\u201d, dictada por la investigadora de la Escuela Nacional de Conservaci\u00f3n, Restauraci\u00f3n y Museograf\u00eda \u201cManuel del Castillo Negrete\u201d, Isabel Medina-Gonz\u00e1lez; a las 12:30 horas, la estudiosa en Ciencias Jur\u00eddicas y Sociales, Paola Solares, y el gestor de La Antigua, Guatemala, Jos\u00e9 Mar\u00eda Maga\u00f1a Ju\u00e1rez, dar\u00e1n la conferencia \u201cLegislaci\u00f3n patrimonial y conservaci\u00f3n: caminos divergentes\u201d; adem\u00e1s, compartir\u00e1n su experiencia diferentes gestores de espacios patrimoniales. La clausura estar\u00e1 a cargo de la la titular de la Direcci\u00f3n de Patrimonio Mundial del INAH, Luz de Lourdes Herbert Pesquera. Las mesas de di\u00e1logo y las conferencias ser\u00e1n transmitidas por <a href=\"https:\/\/www.youtube.com\/live\/V18qoK-3cf0?si=r6PQ5PkY8bWZy6-l\">INAH TV<\/a>.<\/p>\n","protected":false},"excerpt":{"rendered":"<p>Visitas: 4 El director general del Instituto Nacional de Antropolog\u00eda e Historia (INAH), Diego Prieto Hern\u00e1ndez, inaugur\u00f3 la Reuni\u00f3n Internacional de Gestores. \u201cGesti\u00f3n en los sitios del Patrimonio Mundial frente a las legislaciones nacionales e internacionales\u201d, la cual cont\u00f3 con dos sesiones, las cuales fueron transmitidas por INAH TV: matutina y vespertina, el 21 de [&hellip;]<\/p>\n","protected":false},"author":2,"featured_media":201370,"comment_status":"open","ping_status":"open","sticky":false,"template":"","format":"standard","meta":{"footnotes":""},"categories":[252],"tags":[],"class_list":{"0":"post-201369","1":"post","2":"type-post","3":"status-publish","4":"format-standard","5":"has-post-thumbnail","7":"category-nacionales"},"nelio_content":{"isAutoShareEnabled":true,"autoShareEndMode":"never","automationSources":{"useCustomSentences":false,"customSentences":[]},"followers":[],"suggestedReferences":[],"efiUrl":"","efiAlt":"","highlights":[],"permalinkQueryArgs":[],"series":[]},"_links":{"self":[{"href":"https:\/\/www.enteratever.com\/2023\/wp-json\/wp\/v2\/posts\/201369","targetHints":{"allow":["GET"]}}],"collection":[{"href":"https:\/\/www.enteratever.com\/2023\/wp-json\/wp\/v2\/posts"}],"about":[{"href":"https:\/\/www.enteratever.com\/2023\/wp-json\/wp\/v2\/types\/post"}],"author":[{"embeddable":true,"href":"https:\/\/www.enteratever.com\/2023\/wp-json\/wp\/v2\/users\/2"}],"replies":[{"embeddable":true,"href":"https:\/\/www.enteratever.com\/2023\/wp-json\/wp\/v2\/comments?post=201369"}],"version-history":[{"count":1,"href":"https:\/\/www.enteratever.com\/2023\/wp-json\/wp\/v2\/posts\/201369\/revisions"}],"predecessor-version":[{"id":201371,"href":"https:\/\/www.enteratever.com\/2023\/wp-json\/wp\/v2\/posts\/201369\/revisions\/201371"}],"wp:featuredmedia":[{"embeddable":true,"href":"https:\/\/www.enteratever.com\/2023\/wp-json\/wp\/v2\/media\/201370"}],"wp:attachment":[{"href":"https:\/\/www.enteratever.com\/2023\/wp-json\/wp\/v2\/media?parent=201369"}],"wp:term":[{"taxonomy":"category","embeddable":true,"href":"https:\/\/www.enteratever.com\/2023\/wp-json\/wp\/v2\/categories?post=201369"},{"taxonomy":"post_tag","embeddable":true,"href":"https:\/\/www.enteratever.com\/2023\/wp-json\/wp\/v2\/tags?post=201369"}],"curies":[{"name":"wp","href":"https:\/\/api.w.org\/{rel}","templated":true}]}}