{"id":201077,"date":"2023-11-17T11:50:54","date_gmt":"2023-11-17T17:50:54","guid":{"rendered":"https:\/\/www.enteratever.com\/2023\/?p=201077"},"modified":"2023-11-17T11:50:56","modified_gmt":"2023-11-17T17:50:56","slug":"celebran-35-anos-del-museo-regional-de-historia-de-colima-con-amplio-programa-academico-y-cultural","status":"publish","type":"post","link":"https:\/\/www.enteratever.com\/2023\/2023\/11\/17\/celebran-35-anos-del-museo-regional-de-historia-de-colima-con-amplio-programa-academico-y-cultural\/","title":{"rendered":"Celebran 35 a\u00f1os del Museo Regional de Historia de Colima con amplio programa acad\u00e9mico y cultural"},"content":{"rendered":"<p>Visitas: 5<\/p>\n<p>Alojado en una antigua casona del siglo XIX, el Museo Regional de Historia de Colima (MRHC), adscrito a la Secretar\u00eda de Cultura federal, a trav\u00e9s del Instituto Nacional de Antropolog\u00eda e Historia (INAH), y el cual opera bajo un convenio de colaboraci\u00f3n entre el INAH, la Universidad de Colima (UdeC) y el gobierno estatal, celebrar\u00e1 su 35 aniversario con un amplio programa acad\u00e9mico y cultural, en el que se incluye la reapertura de sus salas de Historia, conferencias virtuales, muestra de cine antropol\u00f3gico, una exposici\u00f3n y talleres.<\/p>\n\n\n\n<p>El director del MRHC, Fernando Rodr\u00edguez Garc\u00eda, inform\u00f3 que las actividades conmemorativas iniciar\u00e1n el 28 de noviembre de 2023, fecha oficial del aniversario, con la emisi\u00f3n de la convocatoria en las <a href=\"https:\/\/twitter.com\/museocolima\">redes sociales<\/a> del museo para concursar en la creaci\u00f3n del nuevo logotipo del recinto.<\/p>\n\n\n\n<p>Adem\u00e1s, se reabrir\u00e1n las seis salas de Historia (planta alta del inmueble), cuyo mobiliario se afect\u00f3 en el sismo del 19 de septiembre de 2022. Durante el tiempo que permanecieron cerradas, se realiz\u00f3 el cambio de vitrinas y plafones, y se adapt\u00f3 un nuevo discurso muse\u00edstico, el cual incluye la exhibici\u00f3n de piezas que se resguardaban en bodegas y, por primera vez, salen a la luz para disfrute del p\u00fablico.<\/p>\n\n\n\n<p>Despu\u00e9s, iniciar\u00e1 un ciclo de conferencias virtuales con la participaci\u00f3n del investigador del Centro INAH Jalisco, Ignacio G\u00f3mez Arriola, quien hablar\u00e1 de la fundaci\u00f3n y adaptaci\u00f3n del edificio hist\u00f3rico para albergar el MRHC; a su vez, la arque\u00f3loga del Centro INAH Yucat\u00e1n, Carmen Rojas Sandoval, ofrecer\u00e1 una charla sobre arqueolog\u00eda subacu\u00e1tica y megafauna; y la restauradora Laura Filloy Nadal disertar\u00e1 en torno a proyectos emblem\u00e1ticos de restauraci\u00f3n en M\u00e9xico. Las fechas y horarios se dar\u00e1n a conocer posteriormente.<\/p>\n\n\n\n<p>Adem\u00e1s, en colaboraci\u00f3n con la Coordinaci\u00f3n Nacional de Difusi\u00f3n e INAH TV, en la sala de cine del recinto se proyectar\u00e1n, del 5 al 8 de diciembre de 2023, los filmes ganadores del concurso \u201cMiradas sin tiempo\u201d y las producciones que integraron el 2\u00ba Festival de Cine Antropol\u00f3gico.<\/p>\n\n\n\n<p>Fernando Rodr\u00edguez puntualiz\u00f3 que, con esta actividad, se pretende generar una ventana de difusi\u00f3n para ese tipo de cine y reconocer los trabajos ganadores sobre Colima, como <em>Mi no lugar<\/em>, producido por Isis Alejandra Ahumada Monroy, que obtuvo el premio a Mejor Documental Antropol\u00f3gico de dicho certamen, y el cual aborda la realidad social de Jonathan, migrante que regresa a esta entidad para laborar en la zafra de ca\u00f1a.<\/p>\n\n\n\n<p>Otra oferta, a prop\u00f3sito de los 35 a\u00f1os del MRHC y los 40 del Centro INAH Colima, es un ciclo de conferencias virtuales que impartir\u00e1n investigadores de esta representaci\u00f3n estatal del instituto y colaboradores cercanos a las tareas que se ejecutan en la entidad; comenzar\u00e1n el 12 de diciembre de 2023 y se extender\u00e1n hasta mayo de 2024, con una sesi\u00f3n por mes. Las fechas y horarios se informar\u00e1n a trav\u00e9s de las redes sociales.<\/p>\n\n\n\n<p>El 14 de diciembre de 2023, a las 19:00 horas, se inaugurar\u00e1 la exposici\u00f3n <em>Xolos, compa\u00f1eros de viaje<\/em>, muestra itinerante integrada por 100 objetos, la mayor\u00eda de tipo arqueol\u00f3gico, recuperados en diferentes contextos por el Centro INAH Colima, y que regresan a su lugar de origen para acompa\u00f1ar otras obras pl\u00e1sticas novohispanas y contempor\u00e1neas de artistas locales.<\/p>\n\n\n\n<p>La muestra estar\u00e1 en la Sala de Exposiciones Temporales hasta abril de 2024, y contar\u00e1 con un ciclo de conferencias virtuales de los curadores de la primera versi\u00f3n de la exposici\u00f3n: Mar\u00eda Olvido Moreno Guzm\u00e1n, Rosa Mar\u00eda S\u00e1nchez Lara, Eva Mar\u00eda Ayala Canseco y Roberto Velasco Alonso; a partir de enero de 2024.<\/p>\n\n\n\n<p>Como actividad complementaria a la muestra, en enero de 2024, personal de Servicios Educativos del MRHC impartir\u00e1 un taller incluyente y l\u00fadico de modelado en barro de xolos, donde las y los participantes elaborar\u00e1n su propia pieza; tambi\u00e9n, se emitir\u00e1 la convocatoria para el concurso de obra pl\u00e1stica de xolos, que busca reflejar en pintura las caracter\u00edsticas e historia de esta raza canina. Con los trabajos de ambos talleres se montar\u00e1 una muestra temporal.<\/p>\n\n\n\n<p>Finalmente, se transmitir\u00e1n 10 programas, producidos por el MRHC, la UdeC y el Gobierno de Colima, sobre paleontolog\u00eda colimense, los cuales fueron coordinados por la presidenta del Consejo de Paleontolog\u00eda del INAH, Felisa Aguilar Arellano. Estar\u00e1n disponibles en enero de 2024 en INAH TV.<\/p>\n","protected":false},"excerpt":{"rendered":"<p>Visitas: 5 Alojado en una antigua casona del siglo XIX, el Museo Regional de Historia de Colima (MRHC), adscrito a la Secretar\u00eda de Cultura federal, a trav\u00e9s del Instituto Nacional de Antropolog\u00eda e Historia (INAH), y el cual opera bajo un convenio de colaboraci\u00f3n entre el INAH, la Universidad de Colima (UdeC) y el gobierno [&hellip;]<\/p>\n","protected":false},"author":2,"featured_media":201080,"comment_status":"open","ping_status":"open","sticky":false,"template":"","format":"standard","meta":{"footnotes":""},"categories":[252],"tags":[],"class_list":{"0":"post-201077","1":"post","2":"type-post","3":"status-publish","4":"format-standard","5":"has-post-thumbnail","7":"category-nacionales"},"nelio_content":{"isAutoShareEnabled":true,"autoShareEndMode":"never","automationSources":{"useCustomSentences":false,"customSentences":[]},"followers":[],"suggestedReferences":[],"efiUrl":"","efiAlt":"","highlights":[],"permalinkQueryArgs":[],"series":[]},"_links":{"self":[{"href":"https:\/\/www.enteratever.com\/2023\/wp-json\/wp\/v2\/posts\/201077","targetHints":{"allow":["GET"]}}],"collection":[{"href":"https:\/\/www.enteratever.com\/2023\/wp-json\/wp\/v2\/posts"}],"about":[{"href":"https:\/\/www.enteratever.com\/2023\/wp-json\/wp\/v2\/types\/post"}],"author":[{"embeddable":true,"href":"https:\/\/www.enteratever.com\/2023\/wp-json\/wp\/v2\/users\/2"}],"replies":[{"embeddable":true,"href":"https:\/\/www.enteratever.com\/2023\/wp-json\/wp\/v2\/comments?post=201077"}],"version-history":[{"count":1,"href":"https:\/\/www.enteratever.com\/2023\/wp-json\/wp\/v2\/posts\/201077\/revisions"}],"predecessor-version":[{"id":201083,"href":"https:\/\/www.enteratever.com\/2023\/wp-json\/wp\/v2\/posts\/201077\/revisions\/201083"}],"wp:featuredmedia":[{"embeddable":true,"href":"https:\/\/www.enteratever.com\/2023\/wp-json\/wp\/v2\/media\/201080"}],"wp:attachment":[{"href":"https:\/\/www.enteratever.com\/2023\/wp-json\/wp\/v2\/media?parent=201077"}],"wp:term":[{"taxonomy":"category","embeddable":true,"href":"https:\/\/www.enteratever.com\/2023\/wp-json\/wp\/v2\/categories?post=201077"},{"taxonomy":"post_tag","embeddable":true,"href":"https:\/\/www.enteratever.com\/2023\/wp-json\/wp\/v2\/tags?post=201077"}],"curies":[{"name":"wp","href":"https:\/\/api.w.org\/{rel}","templated":true}]}}