{"id":200943,"date":"2023-11-15T10:37:26","date_gmt":"2023-11-15T16:37:26","guid":{"rendered":"https:\/\/www.enteratever.com\/2023\/?p=200943"},"modified":"2023-11-15T10:37:29","modified_gmt":"2023-11-15T16:37:29","slug":"el-inah-premiara-el-proyecto-plan-integral-de-gestion-de-riesgos-del-complejo-museo-nacional-de-antropologia","status":"publish","type":"post","link":"https:\/\/www.enteratever.com\/2023\/2023\/11\/15\/el-inah-premiara-el-proyecto-plan-integral-de-gestion-de-riesgos-del-complejo-museo-nacional-de-antropologia\/","title":{"rendered":"El INAH premiar\u00e1 el proyecto Plan Integral de Gesti\u00f3n de Riesgos del Complejo Museo Nacional de Antropolog\u00eda"},"content":{"rendered":"<p>Visitas: 2<\/p>\n<p>Hace un a\u00f1o, la Organizaci\u00f3n de las Naciones Unidas para la Educaci\u00f3n, la Ciencia y la Cultura (Unesco)&nbsp;otorg\u00f3 al Museo Nacional de Antropolog\u00eda (MNA) el estatus de Protecci\u00f3n Reforzada, que confiere el Segundo Protocolo de la Convenci\u00f3n de La Haya de 1954. Dicha inscripci\u00f3n se obtuvo, en buena medida, gracias a la elaboraci\u00f3n del Plan Integral de Gesti\u00f3n de Riesgos del inmueble, proyecto que ser\u00e1 reconocido el 29 de noviembre de 2023, en el marco de la entrega de los Premios INAH.<\/p>\n\n\n\n<p>Dicho plan integral, elaborado y ejecutado por Rosana Calder\u00f3n Martin del Campo, Alejandro Sabido S\u00e1nchez Ju\u00e1rez y Martha Elena Ortiz S\u00e1nchez, obtuvo menci\u00f3n honor\u00edfica en la categor\u00eda de Trabajo de Conservaci\u00f3n del Patrimonio Arquitect\u00f3nico y Urban\u00edstico (Premio Francisco de la Maza).<\/p>\n\n\n\n<p>A decir de la coordinadora del proyecto, Rosana Calder\u00f3n, el fallo de la Unesco a favor del MNA, se logr\u00f3 gracias a la postulaci\u00f3n presentada por la Secretar\u00eda de Cultura federal, a trav\u00e9s de la Direcci\u00f3n de Patrimonio Mundial del Instituto Nacional de Antropolog\u00eda e Historia (INAH), con apoyo de la Consejer\u00eda Jur\u00eddica de la Secretar\u00eda de Relaciones Exteriores, convirtiendo a este recinto en el primero de Am\u00e9rica Latina y el Caribe en obtener tal distinci\u00f3n.<\/p>\n\n\n\n<p>El Plan Integral de Gesti\u00f3n de Riesgos del Complejo Museo Nacional de Antropolog\u00eda, dijo, contempla a la Biblioteca Nacional de Antropolog\u00eda e Historia y a las direcciones de Antropolog\u00eda F\u00edsica, de Etnohistoria y Ling\u00fc\u00edstica, alojadas en el inmueble; adem\u00e1s, cont\u00f3 con un apoyo econ\u00f3mico proporcionado por el Fondo de Asistencia del Segundo Protocolo (1999) de la Convenci\u00f3n para la Protecci\u00f3n de los Bienes Culturales en caso de Conflicto Armado (1954), de la Unesco.<\/p>\n\n\n\n<p>\u201cEl compromiso con dicho fondo era terminar el proyecto en septiembre de 2022, para que fuera evaluado por el Comit\u00e9 para la Protecci\u00f3n de Bienes Culturales de la Convenci\u00f3n de La Haya de 1954, lo cual se logr\u00f3 en tiempo y forma\u201d, expuso.<\/p>\n\n\n\n<p>La tambi\u00e9n subdirectora de Proyectos Especiales de la Direcci\u00f3n de Patrimonio Mundial del INAH detall\u00f3 que las tareas, iniciadas a mediados de 2021, se desarrollaron en seis etapas: establecimiento del contexto, identificaci\u00f3n de riesgos, an\u00e1lisis, evaluaci\u00f3n y tratamiento de riesgos (protocolos de actuaci\u00f3n), y evaluaci\u00f3n, reporte y publicaci\u00f3n.<\/p>\n\n\n\n<p>Durante la etapa uno, se identificaron las formas de comunicaci\u00f3n que tienen las diversas \u00e1reas que comparten el inmueble y se hizo un breve an\u00e1lisis contextual. En las etapas 2, 3 y 4 se llevaron a cabo entrevistas como m\u00e9todo de investigaci\u00f3n cualitativa con personal espec\u00edfico del edificio; para la fase 5, se prepararon protocolos de actuaci\u00f3n que fueron consensuados con el mismo personal, y la fase 6 implic\u00f3 la entrega del Plan Integral de Riesgos al Fondo de Asistencia, como producto final.<\/p>\n\n\n\n<p>Indic\u00f3 que, por norma, la Subdirecci\u00f3n de Protecci\u00f3n de Bienes Culturales del MNA elabora y actualiza constantemente un plan de gesti\u00f3n de riesgos enfocado en la protecci\u00f3n civil para la salvaguardia de las personas; sin embargo, el realizado ahora es integral, ya que contempla la protecci\u00f3n de los bienes culturales muebles e inmuebles asociados al complejo del MNA, considerado patrimonio art\u00edstico desde 2010.<\/p>\n\n\n\n<p>\u201cEntre los aspectos identificados en el trabajo, detectamos, un mayor n\u00famero de bienes culturales que resguarda el edificio respecto a su inauguraci\u00f3n, en 1964, y cuantificamos que recibe el 13% anual del total de las y los visitantes del Bosque de Chapultepec\u201d, acot\u00f3.<\/p>\n\n\n\n<p>Respecto a las colecciones paleontol\u00f3gicas, arqueol\u00f3gicas, hist\u00f3ricas, etnogr\u00e1ficas, contempor\u00e1neas, documentales y osteol\u00f3gicas, se ubicaron las amenazas a las que podr\u00edan estar expuestas. Los protocolos de actuaci\u00f3n para el caso en torno a estos acervos se integraron en un documento de uso exclusivo del personal del recinto, e incluyen aspectos de prevenci\u00f3n, actuaci\u00f3n en caso de alguna amenaza y estrategias de recuperaci\u00f3n.<\/p>\n\n\n\n<p>Finalmente, los resultados del proyecto se entregaron al Comit\u00e9 del Segundo Protocolo de la Convenci\u00f3n de La Haya de 1954, y fueron evaluados en la 17 Sesi\u00f3n de dicha convenci\u00f3n, celebrada el 15 y 16 de diciembre de 2022, en la sede de la Unesco, en Par\u00eds, Francia.<\/p>\n","protected":false},"excerpt":{"rendered":"<p>Visitas: 2 Hace un a\u00f1o, la Organizaci\u00f3n de las Naciones Unidas para la Educaci\u00f3n, la Ciencia y la Cultura (Unesco)&nbsp;otorg\u00f3 al Museo Nacional de Antropolog\u00eda (MNA) el estatus de Protecci\u00f3n Reforzada, que confiere el Segundo Protocolo de la Convenci\u00f3n de La Haya de 1954. Dicha inscripci\u00f3n se obtuvo, en buena medida, gracias a la elaboraci\u00f3n [&hellip;]<\/p>\n","protected":false},"author":2,"featured_media":200949,"comment_status":"open","ping_status":"open","sticky":false,"template":"","format":"standard","meta":{"footnotes":""},"categories":[252],"tags":[],"class_list":{"0":"post-200943","1":"post","2":"type-post","3":"status-publish","4":"format-standard","5":"has-post-thumbnail","7":"category-nacionales"},"nelio_content":{"isAutoShareEnabled":true,"autoShareEndMode":"never","automationSources":{"useCustomSentences":false,"customSentences":[]},"followers":[],"suggestedReferences":[],"efiUrl":"","efiAlt":"","highlights":[],"permalinkQueryArgs":[],"series":[]},"_links":{"self":[{"href":"https:\/\/www.enteratever.com\/2023\/wp-json\/wp\/v2\/posts\/200943","targetHints":{"allow":["GET"]}}],"collection":[{"href":"https:\/\/www.enteratever.com\/2023\/wp-json\/wp\/v2\/posts"}],"about":[{"href":"https:\/\/www.enteratever.com\/2023\/wp-json\/wp\/v2\/types\/post"}],"author":[{"embeddable":true,"href":"https:\/\/www.enteratever.com\/2023\/wp-json\/wp\/v2\/users\/2"}],"replies":[{"embeddable":true,"href":"https:\/\/www.enteratever.com\/2023\/wp-json\/wp\/v2\/comments?post=200943"}],"version-history":[{"count":1,"href":"https:\/\/www.enteratever.com\/2023\/wp-json\/wp\/v2\/posts\/200943\/revisions"}],"predecessor-version":[{"id":200953,"href":"https:\/\/www.enteratever.com\/2023\/wp-json\/wp\/v2\/posts\/200943\/revisions\/200953"}],"wp:featuredmedia":[{"embeddable":true,"href":"https:\/\/www.enteratever.com\/2023\/wp-json\/wp\/v2\/media\/200949"}],"wp:attachment":[{"href":"https:\/\/www.enteratever.com\/2023\/wp-json\/wp\/v2\/media?parent=200943"}],"wp:term":[{"taxonomy":"category","embeddable":true,"href":"https:\/\/www.enteratever.com\/2023\/wp-json\/wp\/v2\/categories?post=200943"},{"taxonomy":"post_tag","embeddable":true,"href":"https:\/\/www.enteratever.com\/2023\/wp-json\/wp\/v2\/tags?post=200943"}],"curies":[{"name":"wp","href":"https:\/\/api.w.org\/{rel}","templated":true}]}}