{"id":200082,"date":"2023-10-26T09:44:34","date_gmt":"2023-10-26T15:44:34","guid":{"rendered":"https:\/\/www.enteratever.com\/2023\/?p=200082"},"modified":"2023-10-26T09:44:36","modified_gmt":"2023-10-26T15:44:36","slug":"continua-el-rescate-de-espacios-publicos-en-minatitlan","status":"publish","type":"post","link":"https:\/\/www.enteratever.com\/2023\/2023\/10\/26\/continua-el-rescate-de-espacios-publicos-en-minatitlan\/","title":{"rendered":"Contin\u00faa el rescate de espacios p\u00fablicos en Minatitl\u00e1n"},"content":{"rendered":"<p>Visitas: 53<\/p>\n<p>Minatitl\u00e1n, Ver. &#8211; El Gobierno Municipal de Minatitl\u00e1n, a trav\u00e9s de la Direcci\u00f3n de Servicios P\u00fablicos Municipales, ha llevado a cabo la limpieza y rehabilitaci\u00f3n de las \u00e1reas verdes del Parque Pr\u00f3ceres, ubicado en la colonia De los Maestros.<\/p>\n\n\n\n<p>Este espacio p\u00fablico est\u00e1 siendo transformado con una nueva imagen mediante la rehabilitaci\u00f3n de luminarias; as\u00ed como trabajos de pintura a cargo del personal de Servicios Generales y Mantenimiento del Ayuntamiento.<\/p>\n\n\n\n<p>En esta labor, se ha sumado personal de Ornatos Parques y Jardines, Alumbrado P\u00fablico y Protecci\u00f3n Civil, quienes han trabajado en conjunto para garantizar que el parque sea un lugar seguro y agradable para la ciudadan\u00eda, donde adem\u00e1s se han podado \u00e1rboles y corte de maleza.<\/p>\n\n\n\n<p>Jos\u00e9 Ram\u00edrez Dom\u00ednguez, director de Servicios P\u00fablicos Municipales, destac\u00f3 que estas acciones se realizan por instrucciones directas de la alcaldesa, doctora, Carmen Medel Palma. El objetivo es limpiar y mejorar este espacio para que los ciudadanos puedan disfrutarlo con plena seguridad.<\/p>\n","protected":false},"excerpt":{"rendered":"<p>Visitas: 53 Minatitl\u00e1n, Ver. &#8211; El Gobierno Municipal de Minatitl\u00e1n, a trav\u00e9s de la Direcci\u00f3n de Servicios P\u00fablicos Municipales, ha llevado a cabo la limpieza y rehabilitaci\u00f3n de las \u00e1reas verdes del Parque Pr\u00f3ceres, ubicado en la colonia De los Maestros. Este espacio p\u00fablico est\u00e1 siendo transformado con una nueva imagen mediante la rehabilitaci\u00f3n de [&hellip;]<\/p>\n","protected":false},"author":2,"featured_media":200084,"comment_status":"open","ping_status":"open","sticky":false,"template":"","format":"standard","meta":{"footnotes":""},"categories":[243,241],"tags":[],"class_list":{"0":"post-200082","1":"post","2":"type-post","3":"status-publish","4":"format-standard","5":"has-post-thumbnail","7":"category-minatitlan","8":"category-zona-sur"},"nelio_content":{"isAutoShareEnabled":true,"autoShareEndMode":"never","automationSources":{"useCustomSentences":false,"customSentences":[]},"followers":[],"suggestedReferences":[],"efiUrl":"","efiAlt":"","highlights":[],"permalinkQueryArgs":[],"series":[]},"_links":{"self":[{"href":"https:\/\/www.enteratever.com\/2023\/wp-json\/wp\/v2\/posts\/200082","targetHints":{"allow":["GET"]}}],"collection":[{"href":"https:\/\/www.enteratever.com\/2023\/wp-json\/wp\/v2\/posts"}],"about":[{"href":"https:\/\/www.enteratever.com\/2023\/wp-json\/wp\/v2\/types\/post"}],"author":[{"embeddable":true,"href":"https:\/\/www.enteratever.com\/2023\/wp-json\/wp\/v2\/users\/2"}],"replies":[{"embeddable":true,"href":"https:\/\/www.enteratever.com\/2023\/wp-json\/wp\/v2\/comments?post=200082"}],"version-history":[{"count":1,"href":"https:\/\/www.enteratever.com\/2023\/wp-json\/wp\/v2\/posts\/200082\/revisions"}],"predecessor-version":[{"id":200086,"href":"https:\/\/www.enteratever.com\/2023\/wp-json\/wp\/v2\/posts\/200082\/revisions\/200086"}],"wp:featuredmedia":[{"embeddable":true,"href":"https:\/\/www.enteratever.com\/2023\/wp-json\/wp\/v2\/media\/200084"}],"wp:attachment":[{"href":"https:\/\/www.enteratever.com\/2023\/wp-json\/wp\/v2\/media?parent=200082"}],"wp:term":[{"taxonomy":"category","embeddable":true,"href":"https:\/\/www.enteratever.com\/2023\/wp-json\/wp\/v2\/categories?post=200082"},{"taxonomy":"post_tag","embeddable":true,"href":"https:\/\/www.enteratever.com\/2023\/wp-json\/wp\/v2\/tags?post=200082"}],"curies":[{"name":"wp","href":"https:\/\/api.w.org\/{rel}","templated":true}]}}