{"id":199775,"date":"2023-10-20T09:23:33","date_gmt":"2023-10-20T15:23:33","guid":{"rendered":"https:\/\/www.enteratever.com\/2023\/?p=199775"},"modified":"2023-10-20T09:23:36","modified_gmt":"2023-10-20T15:23:36","slug":"reconoce-ayuntamiento-de-cordoba-a-trabajadores-por-anos-de-servicio","status":"publish","type":"post","link":"https:\/\/www.enteratever.com\/2023\/2023\/10\/20\/reconoce-ayuntamiento-de-cordoba-a-trabajadores-por-anos-de-servicio\/","title":{"rendered":"Reconoce Ayuntamiento de C\u00f3rdoba a trabajadores por a\u00f1os de servicio"},"content":{"rendered":"<p>Visitas: 48<\/p>\n<p>Para festejar el D\u00eda del Empleado Municipal, el Presidente Juan Mart\u00ednez Flores en compa\u00f1\u00eda de regidores, reconocieron a las y los trabajadores por su ardua labor, entre ellos a Alicia Ch\u00e1vez Morales por sus 54 a\u00f1os de servicio en el Ayuntamiento de C\u00f3rdoba.<\/p>\n\n\n\n<p>La primera autoridad acompa\u00f1ado de los regidores Georgina Aguilar S\u00e1nchez, Jonathan Rosas Blanco, Leticia Luz L\u00f3pez y Mar\u00eda del Carmen Aguilar Mendoza, se dijo agradecido por el trabajo que cada uno cumple para seguir construyendo el C\u00f3rdoba que todas las familias merecen disfrutar.<\/p>\n\n\n\n<p>\u00abUstedes han puesto el mejor ejemplo con su trabajo, cada uno con su labor ha logrado responderle a la ciudadan\u00eda como se merece en las diferentes \u00e1reas tanto operativas como administrativas\u00bb.<\/p>\n\n\n\n<p>Asimismo, fueron reconocidos las y los 72 trabajadores que cumplieron de 15 a 54 a\u00f1os en el servicio p\u00fablico, y que trabajan todos los d\u00edas con compromiso, vocaci\u00f3n y entrega, como Gabino Reyes Mart\u00ednez con 44 a\u00f1os de labor y Mario del Rosario Mar\u00edn con 43 a\u00f1os dentro del Ayuntamiento.<\/p>\n","protected":false},"excerpt":{"rendered":"<p>Visitas: 48 Para festejar el D\u00eda del Empleado Municipal, el Presidente Juan Mart\u00ednez Flores en compa\u00f1\u00eda de regidores, reconocieron a las y los trabajadores por su ardua labor, entre ellos a Alicia Ch\u00e1vez Morales por sus 54 a\u00f1os de servicio en el Ayuntamiento de C\u00f3rdoba. La primera autoridad acompa\u00f1ado de los regidores Georgina Aguilar S\u00e1nchez, [&hellip;]<\/p>\n","protected":false},"author":2,"featured_media":199778,"comment_status":"open","ping_status":"open","sticky":false,"template":"","format":"standard","meta":{"footnotes":""},"categories":[252],"tags":[],"class_list":{"0":"post-199775","1":"post","2":"type-post","3":"status-publish","4":"format-standard","5":"has-post-thumbnail","7":"category-nacionales"},"nelio_content":{"isAutoShareEnabled":true,"autoShareEndMode":"never","automationSources":{"useCustomSentences":false,"customSentences":[]},"followers":[],"suggestedReferences":[],"efiUrl":"","efiAlt":"","highlights":[],"permalinkQueryArgs":[],"series":[]},"_links":{"self":[{"href":"https:\/\/www.enteratever.com\/2023\/wp-json\/wp\/v2\/posts\/199775","targetHints":{"allow":["GET"]}}],"collection":[{"href":"https:\/\/www.enteratever.com\/2023\/wp-json\/wp\/v2\/posts"}],"about":[{"href":"https:\/\/www.enteratever.com\/2023\/wp-json\/wp\/v2\/types\/post"}],"author":[{"embeddable":true,"href":"https:\/\/www.enteratever.com\/2023\/wp-json\/wp\/v2\/users\/2"}],"replies":[{"embeddable":true,"href":"https:\/\/www.enteratever.com\/2023\/wp-json\/wp\/v2\/comments?post=199775"}],"version-history":[{"count":1,"href":"https:\/\/www.enteratever.com\/2023\/wp-json\/wp\/v2\/posts\/199775\/revisions"}],"predecessor-version":[{"id":199780,"href":"https:\/\/www.enteratever.com\/2023\/wp-json\/wp\/v2\/posts\/199775\/revisions\/199780"}],"wp:featuredmedia":[{"embeddable":true,"href":"https:\/\/www.enteratever.com\/2023\/wp-json\/wp\/v2\/media\/199778"}],"wp:attachment":[{"href":"https:\/\/www.enteratever.com\/2023\/wp-json\/wp\/v2\/media?parent=199775"}],"wp:term":[{"taxonomy":"category","embeddable":true,"href":"https:\/\/www.enteratever.com\/2023\/wp-json\/wp\/v2\/categories?post=199775"},{"taxonomy":"post_tag","embeddable":true,"href":"https:\/\/www.enteratever.com\/2023\/wp-json\/wp\/v2\/tags?post=199775"}],"curies":[{"name":"wp","href":"https:\/\/api.w.org\/{rel}","templated":true}]}}