{"id":199709,"date":"2023-10-19T11:13:47","date_gmt":"2023-10-19T17:13:47","guid":{"rendered":"https:\/\/www.enteratever.com\/2023\/?p=199709"},"modified":"2023-10-19T11:13:48","modified_gmt":"2023-10-19T17:13:48","slug":"amlo-confirma-renuncia-de-encinas-a-subsecretaria-de-gobernacion-nombra-a-felix-arturo-medina","status":"publish","type":"post","link":"https:\/\/www.enteratever.com\/2023\/2023\/10\/19\/amlo-confirma-renuncia-de-encinas-a-subsecretaria-de-gobernacion-nombra-a-felix-arturo-medina\/","title":{"rendered":"AMLO confirma renuncia de Encinas a subsecretar\u00eda de Gobernaci\u00f3n; nombra a F\u00e9lix Arturo Medina"},"content":{"rendered":"<p>Visitas: 25<\/p>\n<p>El presidente Andr\u00e9s Manuel L\u00f3pez Obrador confirm\u00f3 que el subsecretario de Gobernaci\u00f3n,&nbsp;Alejandro Encinas Rodr\u00edguez, renunci\u00f3 al cargo y en su lugar nombr\u00f3 al ex procurador Fiscal, F\u00e9lix Arturo Medina Padilla.<\/p>\n\n\n\n<p>\u201cS\u00ed y le agradecemos mucho todo su apoyo, \u00e9l ya me present\u00f3 su&nbsp;renuncia&nbsp;y va a participar en actividades pol\u00edticas electorales y yo tambi\u00e9n he nombrado al sustituto\u2026Va a ser el maestro y abogado,&nbsp;F\u00e9lix Arturo Medina Padilla, es el actual procurador fiscal, va a ser el nuevo secretario de derechos humanos de poblaci\u00f3n y migraci\u00f3n\u201d, dijo en conferencia ma\u00f1anera de este jueves.<\/p>\n\n\n\n<p>Se\u00f1al\u00f3 que esta ma\u00f1ana en la reuni\u00f3n del Gabinete de Seguridad \u201cle despedimos con un aplauso a Alejandro Encinas y ya estuvo el maestro Arturo Medina en la reuni\u00f3n de gabinete de seguridad\u201d.<\/p>\n\n\n\n<p>Cabe recordar que este mi\u00e9rcoles la coordinadora nacional de los comit\u00e9s en defensa de la cuarta transformaci\u00f3n,\u00a0Claudia Sheinbaum, invit\u00f3 a Encinas a colaborar en su equipo.<\/p>\n\n\n\n<p>XEU<\/p>\n","protected":false},"excerpt":{"rendered":"<p>Visitas: 25 El presidente Andr\u00e9s Manuel L\u00f3pez Obrador confirm\u00f3 que el subsecretario de Gobernaci\u00f3n,&nbsp;Alejandro Encinas Rodr\u00edguez, renunci\u00f3 al cargo y en su lugar nombr\u00f3 al ex procurador Fiscal, F\u00e9lix Arturo Medina Padilla. \u201cS\u00ed y le agradecemos mucho todo su apoyo, \u00e9l ya me present\u00f3 su&nbsp;renuncia&nbsp;y va a participar en actividades pol\u00edticas electorales y yo tambi\u00e9n [&hellip;]<\/p>\n","protected":false},"author":2,"featured_media":184584,"comment_status":"open","ping_status":"open","sticky":false,"template":"","format":"standard","meta":{"footnotes":""},"categories":[252],"tags":[],"class_list":{"0":"post-199709","1":"post","2":"type-post","3":"status-publish","4":"format-standard","5":"has-post-thumbnail","7":"category-nacionales"},"nelio_content":{"isAutoShareEnabled":true,"autoShareEndMode":"never","automationSources":{"useCustomSentences":false,"customSentences":[]},"followers":[],"suggestedReferences":[],"efiUrl":"","efiAlt":"","highlights":[],"permalinkQueryArgs":[],"series":[]},"_links":{"self":[{"href":"https:\/\/www.enteratever.com\/2023\/wp-json\/wp\/v2\/posts\/199709","targetHints":{"allow":["GET"]}}],"collection":[{"href":"https:\/\/www.enteratever.com\/2023\/wp-json\/wp\/v2\/posts"}],"about":[{"href":"https:\/\/www.enteratever.com\/2023\/wp-json\/wp\/v2\/types\/post"}],"author":[{"embeddable":true,"href":"https:\/\/www.enteratever.com\/2023\/wp-json\/wp\/v2\/users\/2"}],"replies":[{"embeddable":true,"href":"https:\/\/www.enteratever.com\/2023\/wp-json\/wp\/v2\/comments?post=199709"}],"version-history":[{"count":1,"href":"https:\/\/www.enteratever.com\/2023\/wp-json\/wp\/v2\/posts\/199709\/revisions"}],"predecessor-version":[{"id":199711,"href":"https:\/\/www.enteratever.com\/2023\/wp-json\/wp\/v2\/posts\/199709\/revisions\/199711"}],"wp:featuredmedia":[{"embeddable":true,"href":"https:\/\/www.enteratever.com\/2023\/wp-json\/wp\/v2\/media\/184584"}],"wp:attachment":[{"href":"https:\/\/www.enteratever.com\/2023\/wp-json\/wp\/v2\/media?parent=199709"}],"wp:term":[{"taxonomy":"category","embeddable":true,"href":"https:\/\/www.enteratever.com\/2023\/wp-json\/wp\/v2\/categories?post=199709"},{"taxonomy":"post_tag","embeddable":true,"href":"https:\/\/www.enteratever.com\/2023\/wp-json\/wp\/v2\/tags?post=199709"}],"curies":[{"name":"wp","href":"https:\/\/api.w.org\/{rel}","templated":true}]}}