{"id":199700,"date":"2023-10-19T10:41:54","date_gmt":"2023-10-19T16:41:54","guid":{"rendered":"https:\/\/www.enteratever.com\/2023\/?p=199700"},"modified":"2023-10-19T10:41:56","modified_gmt":"2023-10-19T16:41:56","slug":"el-museo-nacional-de-las-intervenciones-dedica-pieza-del-mes-y-altar-al-general-villa-y-al-doctor-ignacio-guzman","status":"publish","type":"post","link":"https:\/\/www.enteratever.com\/2023\/2023\/10\/19\/el-museo-nacional-de-las-intervenciones-dedica-pieza-del-mes-y-altar-al-general-villa-y-al-doctor-ignacio-guzman\/","title":{"rendered":"El Museo Nacional de las Intervenciones dedica pieza del mes y altar al general Villa y al doctor Ignacio Guzm\u00e1n"},"content":{"rendered":"<p>Visitas: 15<\/p>\n<p>Con un elaborado altar que despliega sus gustos y aficiones, y el concierto de catrines \u201cCelebrando la vida\u201d, con la participaci\u00f3n de su hija, la soprano Grace Guzm\u00e1n, el Museo Nacional de las Intervenciones (MNI), Ex Convento de Churubusco, agasaja la memoria del doctor Ignacio Guzm\u00e1n Gardu\u00f1o (1929-2021), quien fue pilar de su Asociaci\u00f3n de Amigos por 20 a\u00f1os.<\/p>\n\n\n\n<p>En el marco de este 2023, dedicado al centenario luctuoso del general Francisco Villa, el recinto de la Secretar\u00eda de Cultura federal, adscrito al Instituto Nacional de Antropolog\u00eda e Historia (INAH), honra, adem\u00e1s, con la pieza del mes, a aquellos hombres y mujeres que combatieron al lado del caudillo en la Revoluci\u00f3n Mexicana y la defensa de los derechos de los m\u00e1s desprotegidos.<\/p>\n\n\n\n<p>El MNI inaugura ambos montajes este 20 de octubre de 2023, a las 18:00 horas, en el Portal de Peregrinos, el cual se reviste con los colores de la tradici\u00f3n del D\u00eda de Muertos.<\/p>\n\n\n\n<p>En esta ocasi\u00f3n, como pieza del mes presenta una recreaci\u00f3n en cartoner\u00eda del homicidio del general Francisco Villa (1878-1923) \u2212quien unific\u00f3 a los distintos grupos revolucionarios de Chihuahua, Durango y La Laguna\u2212, procedente de las colecciones del Museo Nacional de Culturas Populares.<\/p>\n\n\n\n<p>Como explica el curador e investigador del MNI, Pavel Navarro Valdez, aunque para la primavera de 1915, las fuerzas de la Divisi\u00f3n del Norte fueron derrotadas en las batallas del Baj\u00edo, \u201cel esp\u00edritu rebelde de Villa se mantuvo inquebrantable, levantado en armas en Chihuahua y Durango, hasta hacer la paz con el gobierno, en 1920. De Parral, alguna vez coment\u00f3: <em>Esta ciudad me gusta hasta para morirme<\/em>; ah\u00ed fallecer\u00eda, en una celada, el 20 de julio de 1923\u201d.<\/p>\n\n\n\n<p>La embocada fue recreada por el maestro cartonero Adalberto \u00c1lvarez Marinez. Representados como calaveras, aparecen las v\u00edctimas, el propio Villa y su secretario, Manuel Trillo, dentro de un Dodge negro, y tirados en el suelo, sus escoltas Rafael Medrano y Claro Hurtado; as\u00ed como los perpetradores, dirigidos por el diputado local de Durango, Jes\u00fas Salas Barraza.<\/p>\n\n\n\n<p>Barraza, explica el historiador, asumi\u00f3 el crimen y fue sentenciado a 20 a\u00f1os de prisi\u00f3n, pero solo cumpli\u00f3 tres meses al ser indultado por el gobernador de Chihuahua, Ignacio Enr\u00edquez, de viejos rencores contra Villa. Las pesquisas posteriores de la historiadora Martha Loyo, en el archivo del general Joaqu\u00edn Amaro, confirman que este importante divisionario y el propio general Plutarco El\u00edas Calles estuvieron enterados de los preparativos de la celada.<\/p>\n\n\n\n<p>Entre los elementos que evocan el sincretismo de la ofrenda de muertos en el norte, est\u00e1n la calabaza en dulce, el sotol y los chiles secos, con las flores de cempas\u00fachil, la ca\u00f1a de az\u00facar, el pan de muerto y el papel picado. El montaje dedicado a Villa se complementa con retratos y semblanzas de correligionarios, como Felipe \u00c1ngeles, Calixto Guiteras y Pablo L\u00f3pez Aguirre, y de Elisa Griensen, defensora de la causa; as\u00ed como un extracto de la novela <em>Cartucho<\/em>, en el que Nellie Campobello rememora la emboscada de Parral.<\/p>\n\n\n\n<p>Asimismo, el MNI dedica su altar de muertos a don Ignacio Guzm\u00e1n Gardu\u00f1o, prominente m\u00e9dico, sindicalista, legislador y patriota, quien fue una pieza clave en los \u00e9xitos del museo a lo largo de dos d\u00e9cadas, dada su participaci\u00f3n en su Asociaci\u00f3n de Amigos, como tambi\u00e9n los fue en el patronazgo de la Galer\u00eda de Historia, Museo del Caracol.<\/p>\n\n\n\n<p>Su prolongada colaboraci\u00f3n en la Asociaci\u00f3n de Amigos del Museo Nacional de las Intervenciones, desde la cual respet\u00f3 el proyecto muse\u00edstico ideado por el maestro Gast\u00f3n Garc\u00eda Cant\u00fa, permiti\u00f3 asomarse a las ventanas de su alma y conocer diferentes aspectos de su esp\u00edritu alegre y comprometido.<\/p>\n\n\n\n<p>Cada c\u00e9dula de este altar hace referencia a sus prol\u00edficas facetas: primeramente, la profesional; heredero no solo del nombre, sino de las habilidades m\u00e9dicas de su progenitor, se especializ\u00f3 en cirug\u00eda y gastroenterolog\u00eda en universidades de M\u00e9xico y Estados Unidos. Fue pionero del Hospital y Centro M\u00e9dico La Raza, emblema del Seguro Social, en el norte de la Ciudad de M\u00e9xico, donde labor\u00f3 por a\u00f1os.<\/p>\n\n\n\n<p>A la par, despleg\u00f3 una activa labor sindicalista y gremial, y lleg\u00f3 a ser secretario general del Sindicato Nacional de Trabajadores del Seguro Social (1967-1971); en la madurez, sigui\u00f3 en la trinchera de la salud p\u00fablica, durante las d\u00e9cadas de 1980 y 1990, estuvo en intensas campa\u00f1as de vacunaci\u00f3n en beneficio de la ni\u00f1ez mexicana, al lado del doctor Jes\u00fas Kumate Rodr\u00edguez.<\/p>\n\n\n\n<p>Con cuadros de V\u00edrgenes de su colecci\u00f3n, el altar de muertos del MNI deja patente la religiosidad del doctor Guzm\u00e1n Gardu\u00f1o, la cual manifest\u00f3 en su sensibilidad de la pr\u00e1ctica m\u00e9dica y en la escritura de versos que plasm\u00f3 en una docena de libros y poemarios. El fondo verde alude a su fascinaci\u00f3n por las plantas y la naturaleza, y a su afici\u00f3n por el baloncesto y el front\u00f3n, aunque tambi\u00e9n lo fue al arte taurino, al buen vino, la zarzuela y el paso doble.<\/p>\n\n\n\n<p>El Museo Nacional de las Intervenciones se ubica en la calle 20 de Agosto y General Anaya, col. San Diego Churubusco, en la alcald\u00eda Coyoac\u00e1n, Ciudad de M\u00e9xico. Horario: martes a domingo, de 10:00 a 17:00 horas.<\/p>\n","protected":false},"excerpt":{"rendered":"<p>Visitas: 15 Con un elaborado altar que despliega sus gustos y aficiones, y el concierto de catrines \u201cCelebrando la vida\u201d, con la participaci\u00f3n de su hija, la soprano Grace Guzm\u00e1n, el Museo Nacional de las Intervenciones (MNI), Ex Convento de Churubusco, agasaja la memoria del doctor Ignacio Guzm\u00e1n Gardu\u00f1o (1929-2021), quien fue pilar de su [&hellip;]<\/p>\n","protected":false},"author":2,"featured_media":199702,"comment_status":"open","ping_status":"open","sticky":false,"template":"","format":"standard","meta":{"footnotes":""},"categories":[252],"tags":[],"class_list":{"0":"post-199700","1":"post","2":"type-post","3":"status-publish","4":"format-standard","5":"has-post-thumbnail","7":"category-nacionales"},"nelio_content":{"isAutoShareEnabled":true,"autoShareEndMode":"never","automationSources":{"useCustomSentences":false,"customSentences":[]},"followers":[],"suggestedReferences":[],"efiUrl":"","efiAlt":"","highlights":[],"permalinkQueryArgs":[],"series":[]},"_links":{"self":[{"href":"https:\/\/www.enteratever.com\/2023\/wp-json\/wp\/v2\/posts\/199700","targetHints":{"allow":["GET"]}}],"collection":[{"href":"https:\/\/www.enteratever.com\/2023\/wp-json\/wp\/v2\/posts"}],"about":[{"href":"https:\/\/www.enteratever.com\/2023\/wp-json\/wp\/v2\/types\/post"}],"author":[{"embeddable":true,"href":"https:\/\/www.enteratever.com\/2023\/wp-json\/wp\/v2\/users\/2"}],"replies":[{"embeddable":true,"href":"https:\/\/www.enteratever.com\/2023\/wp-json\/wp\/v2\/comments?post=199700"}],"version-history":[{"count":1,"href":"https:\/\/www.enteratever.com\/2023\/wp-json\/wp\/v2\/posts\/199700\/revisions"}],"predecessor-version":[{"id":199704,"href":"https:\/\/www.enteratever.com\/2023\/wp-json\/wp\/v2\/posts\/199700\/revisions\/199704"}],"wp:featuredmedia":[{"embeddable":true,"href":"https:\/\/www.enteratever.com\/2023\/wp-json\/wp\/v2\/media\/199702"}],"wp:attachment":[{"href":"https:\/\/www.enteratever.com\/2023\/wp-json\/wp\/v2\/media?parent=199700"}],"wp:term":[{"taxonomy":"category","embeddable":true,"href":"https:\/\/www.enteratever.com\/2023\/wp-json\/wp\/v2\/categories?post=199700"},{"taxonomy":"post_tag","embeddable":true,"href":"https:\/\/www.enteratever.com\/2023\/wp-json\/wp\/v2\/tags?post=199700"}],"curies":[{"name":"wp","href":"https:\/\/api.w.org\/{rel}","templated":true}]}}