{"id":199616,"date":"2023-10-18T10:04:16","date_gmt":"2023-10-18T16:04:16","guid":{"rendered":"https:\/\/www.enteratever.com\/2023\/?p=199616"},"modified":"2023-10-18T10:04:19","modified_gmt":"2023-10-18T16:04:19","slug":"presenta-ivec-el-programa-musica-en-el-mezzanine-en-el-teatro-del-estado","status":"publish","type":"post","link":"https:\/\/www.enteratever.com\/2023\/2023\/10\/18\/presenta-ivec-el-programa-musica-en-el-mezzanine-en-el-teatro-del-estado\/","title":{"rendered":"Presenta IVEC el programa \u201cM\u00fasica en el Mezzanine\u201d, en el Teatro del Estado"},"content":{"rendered":"<p>Visitas: 7<\/p>\n<p>El Instituto Veracruzano de la Cultura, en colaboraci\u00f3n con la Facultad de M\u00fasica de la Universidad Veracruzana y el Instituto Superior de M\u00fasica del Estado de Veracruz, presenta el programa <strong>M\u00fasica en el Mezzanine<\/strong>, que durante el mes de octubre inicia sus actividades con dos recitales de m\u00fasica de c\u00e1mara. Los conciertos se llevar\u00e1n a cabo de manera gratuita los pr\u00f3ximos mi\u00e9rcoles 18 y martes 31 de octubre a las 19:00 horas, en el mezzanine del <strong>Teatro del Estado \u201cGral. Ignacio de la Llave\u201d<\/strong>.<\/p>\n\n\n\n<p>El mi\u00e9rcoles 18 de octubre tendr\u00e1 lugar <strong><em>Sinestesia: los colores de la m\u00fasica<\/em><\/strong>, concierto did\u00e1ctico para todo p\u00fablico a cargo de la Facultad de M\u00fasica de la Universidad Veracruzana, coordinado por el Cuerpo Acad\u00e9mico de Formaci\u00f3n e Investigaci\u00f3n en Educaci\u00f3n Musical. La presentaci\u00f3n contar\u00e1 con la participaci\u00f3n de tres agrupaciones: el <strong>dueto de piano y oboe<\/strong> de Milian Hern\u00e1ndez Jacobo y la Dra. Tania Ch\u00e1vez Nader; el <strong>Ensamble de Metales<\/strong> integrado por ar\u00f3n L\u00f3pez-Velarde Avenda\u00f1o, Francisco Gerardo Jaramillo Cort\u00e9s, Edwin Yossafat Orozco L\u00f3pez, Arturo P\u00e9rez Colorado, Christian Alan P\u00e9rez Hern\u00e1ndez, Diego Jaramillo Cort\u00e9s y Jes\u00fas Sol\u00eds Medina; y el <strong>Laboratorio Coral de la Licenciatura en Educaci\u00f3n Musical de la UV<\/strong>;&nbsp; adem\u00e1s de <strong>Kibo La suricata<\/strong> como invitado especial del evento. Una tarde para disfrutar en familia con un diverso repertorio de m\u00fasica cl\u00e1sica, piezas corales y canciones infantiles.<\/p>\n\n\n\n<p>El martes 31 de octubre se presentar\u00e1 el <strong>Recital de oto\u00f1o: becarias y becarios del ISMEV<\/strong>, organizado por el Instituto Superior de M\u00fasica del Estado de Veracruz. Con la interpretaci\u00f3n de Diego L\u00f3pez, Mario Morgado, Jorge Atanacio, Jos\u00e9 P\u00e9rez, Diana Gonz\u00e1lez y Oscar Mota en la guitarra; as\u00ed como de Victoria Rosas, Daria Almeida, Diana Rodr\u00edguez, Gilberto Leonides, Richard Mora y Lisseth Montano en la voz, el p\u00fablico asistente podr\u00e1 escuchar las composiciones de G. Caccini, W. A. Mozart, Manuel M. Ponce, J. C. Oliva y G. Regond.<\/p>\n\n\n\n<p>El IVEC reitera la invitaci\u00f3n a estos dos conciertos del programa <strong>M\u00fasica en el Mezzanine<\/strong> el mi\u00e9rcoles 18 y el martes 31 de octubre a las 19:00 horas, en el mezzanine del <strong>Teatro del Estado \u201cGral. Ignacio de la Llave\u201d<\/strong>. La entrada es libre. Para consultar m\u00e1s informaci\u00f3n sobre \u00e9sta y otras actividades del Teatro visita las redes sociales <a href=\"https:\/\/www.facebook.com\/TeatroDelEstado\/?locale=es_LA\">@TeatroDelEstado<\/a>. Conoce la programaci\u00f3n completa del Instituto en&nbsp;<a href=\"http:\/\/www.ivec.gob.mx\">www.ivec.gob.mx<\/a>.<\/p>\n","protected":false},"excerpt":{"rendered":"<p>Visitas: 7 El Instituto Veracruzano de la Cultura, en colaboraci\u00f3n con la Facultad de M\u00fasica de la Universidad Veracruzana y el Instituto Superior de M\u00fasica del Estado de Veracruz, presenta el programa M\u00fasica en el Mezzanine, que durante el mes de octubre inicia sus actividades con dos recitales de m\u00fasica de c\u00e1mara. Los conciertos se [&hellip;]<\/p>\n","protected":false},"author":2,"featured_media":199618,"comment_status":"open","ping_status":"open","sticky":false,"template":"","format":"standard","meta":{"footnotes":""},"categories":[252],"tags":[],"class_list":{"0":"post-199616","1":"post","2":"type-post","3":"status-publish","4":"format-standard","5":"has-post-thumbnail","7":"category-nacionales"},"nelio_content":{"isAutoShareEnabled":true,"autoShareEndMode":"never","automationSources":{"useCustomSentences":false,"customSentences":[]},"followers":[],"suggestedReferences":[],"efiUrl":"","efiAlt":"","highlights":[],"permalinkQueryArgs":[],"series":[]},"_links":{"self":[{"href":"https:\/\/www.enteratever.com\/2023\/wp-json\/wp\/v2\/posts\/199616","targetHints":{"allow":["GET"]}}],"collection":[{"href":"https:\/\/www.enteratever.com\/2023\/wp-json\/wp\/v2\/posts"}],"about":[{"href":"https:\/\/www.enteratever.com\/2023\/wp-json\/wp\/v2\/types\/post"}],"author":[{"embeddable":true,"href":"https:\/\/www.enteratever.com\/2023\/wp-json\/wp\/v2\/users\/2"}],"replies":[{"embeddable":true,"href":"https:\/\/www.enteratever.com\/2023\/wp-json\/wp\/v2\/comments?post=199616"}],"version-history":[{"count":1,"href":"https:\/\/www.enteratever.com\/2023\/wp-json\/wp\/v2\/posts\/199616\/revisions"}],"predecessor-version":[{"id":199619,"href":"https:\/\/www.enteratever.com\/2023\/wp-json\/wp\/v2\/posts\/199616\/revisions\/199619"}],"wp:featuredmedia":[{"embeddable":true,"href":"https:\/\/www.enteratever.com\/2023\/wp-json\/wp\/v2\/media\/199618"}],"wp:attachment":[{"href":"https:\/\/www.enteratever.com\/2023\/wp-json\/wp\/v2\/media?parent=199616"}],"wp:term":[{"taxonomy":"category","embeddable":true,"href":"https:\/\/www.enteratever.com\/2023\/wp-json\/wp\/v2\/categories?post=199616"},{"taxonomy":"post_tag","embeddable":true,"href":"https:\/\/www.enteratever.com\/2023\/wp-json\/wp\/v2\/tags?post=199616"}],"curies":[{"name":"wp","href":"https:\/\/api.w.org\/{rel}","templated":true}]}}