{"id":199170,"date":"2023-10-10T11:07:49","date_gmt":"2023-10-10T17:07:49","guid":{"rendered":"https:\/\/www.enteratever.com\/2023\/?p=199170"},"modified":"2023-10-10T11:07:51","modified_gmt":"2023-10-10T17:07:51","slug":"rinden-homenaje-in-memoriam-a-jose-manuel-del-val-blanco-un-incansable-aliado-de-los-pueblos-indigenas","status":"publish","type":"post","link":"https:\/\/www.enteratever.com\/2023\/2023\/10\/10\/rinden-homenaje-in-memoriam-a-jose-manuel-del-val-blanco-un-incansable-aliado-de-los-pueblos-indigenas\/","title":{"rendered":"Rinden homenaje in memoriam a Jos\u00e9 Manuel del Val Blanco, un incansable aliado de los pueblos ind\u00edgenas"},"content":{"rendered":"<p>Visitas: 29<\/p>\n<p>En un acto que reconoci\u00f3 las aportaciones, rebeld\u00eda, esp\u00edritu cr\u00edtico y sentido de pluralidad del etn\u00f3logo Jos\u00e9 Manuel del Val Blanco (1949-2023), esta ma\u00f1ana, la Secretar\u00eda de Cultura del Gobierno de M\u00e9xico, a trav\u00e9s del Instituto Nacional de Antropolog\u00eda e Historia (INAH), en el marco de la 34 Feria Internacional del Libro de Antropolog\u00eda e Historia (FILAH), rindi\u00f3 un homenaje p\u00f3stumo al investigador de la Universidad Nacional Aut\u00f3noma de M\u00e9xico (UNAM), quien fue un incansable aliado de los pueblos originarios.<\/p>\n\n\n\n<p>Durante el acto, celebrado en el Auditorio Jaime Torres Bodet del Museo Nacional de Antropolog\u00eda, el&nbsp;director general del INAH, Diego Prieto&nbsp;Hern\u00e1ndez, se\u00f1al\u00f3 que Jos\u00e9 del Val hered\u00f3 el aporte de los primeros cr\u00edticos que proclamaron la Declaraci\u00f3n de Barbados, en 1971, acerca del dominio que continuaban viviendo las poblaciones ind\u00edgenas de Am\u00e9rica Latina; asimismo, continu\u00f3 el legado de aquellos maestros de la antropolog\u00eda mexicana, como Guillermo Bonfil Batalla, Mar\u00eda Mercedes Olivera Bustamante, Margarita Nolasco Armas, Arturo Barman y Enrique H. Valencia Garc\u00eda.<\/p>\n\n\n\n<p>\u201cPese a su militancia en el Partido Comunista, siempre fue profundamente cr\u00edtico de la realidad nacional y de la pol\u00edtica de izquierda; \u00e9l y varios de su generaci\u00f3n representan el desmontaje del indigenismo integracionista que prevaleci\u00f3 hasta los a\u00f1os setenta del siglo pasado\u201d, expres\u00f3.<\/p>\n\n\n\n<p>Ese indigenismo, argument\u00f3 Prieto Hern\u00e1ndez, part\u00eda de la idea de incorporar a los pueblos ind\u00edgenas al necesario progreso nacional, a la modernidad y a la idea de naci\u00f3n mestiza, monocultural y homog\u00e9nea; sin embargo, eso no sucedi\u00f3, ya que mantuvieron la persistencia, resistencia y determinaci\u00f3n de continuar en su singularidad \u00e9tnica, ling\u00fc\u00edstica y simb\u00f3lica.<\/p>\n\n\n\n<p>Moderado por la coordinadora nacional de Antropolog\u00eda del INAH, Paloma Bonfil S\u00e1nchez, el homenaje continu\u00f3 con la participaci\u00f3n de la etn\u00f3loga del Centro de Investigaciones y Estudios Superiores en Antropolog\u00eda Social, Teresa Rojas Rabiela, quien hizo referencia al origen de Jos\u00e9 Manuel de Val como hijo de espa\u00f1oles refugiados, lo cual incidi\u00f3 en sus preocupaciones intelectuales e idiosincrasia.<\/p>\n\n\n\n<p>La investigadora rese\u00f1\u00f3 la vida acad\u00e9mica del etn\u00f3logo, la cual inici\u00f3 como profesor en la Escuela Nacional de Antropolog\u00eda e Historia (ENAH); luego, como director del hoy conocido como Museo Nacional de las Culturas del Mundo; titular de Investigaci\u00f3n y Promoci\u00f3n Cultural del Instituto Nacional Indigenista, director general de Culturas Populares y del Instituto Indigenista Interamericano; as\u00ed como fundador, investigador y docente del Programa Universitario de Estudios de la Diversidad Cultural y la Interculturalidad (PUIC) de la UNAM.<\/p>\n\n\n\n<p>En tanto, la acad\u00e9mica del PUIC, Elia Avenda\u00f1o Villafuerte, puntualiz\u00f3 que a Del Val le gust\u00f3 caminar siempre contracorriente, tratando de impulsar causas sociales y las realidades no vistas en los espacios institucionales que ocup\u00f3.<\/p>\n\n\n\n<p>Uno de sus grandes aportes, dijo, es la creaci\u00f3n del sistema de becas para estudiantes ind\u00edgenas y afromexicanos en la UNAM; y en sus \u00faltimos a\u00f1os de vida, consolid\u00f3 el equipo que lo relevar\u00eda en el \u00e1mbito de la investigaci\u00f3n, entre ellos: Juan Mario P\u00e9rez, Antonio Aguilar y la titular del PUIC, Carolina S\u00e1nchez Garc\u00eda.<\/p>\n\n\n\n<p>A su vez, el poeta Mardonio Carballo refiri\u00f3 que uno de los grandes aportes de Jos\u00e9 del Val fue incentivar al ind\u00edgena a expresarse en primera persona. \u201cCreo que estamos en un momento de madurez, donde las instituciones deben de dar paso a los indios para que ellos mismos hagan sus libros, porten sus huipiles y dirijan sus instituciones, este hecho ser\u00eda una de las cosas que \u00e9l hubiera deseado mucho\u201d, expres\u00f3.<\/p>\n\n\n\n<p>El investigador de la Direcci\u00f3n de Estudios de Antropolog\u00eda Social del INAH, Francisco Javier Guerrero Mendoza, expres\u00f3 que Jos\u00e9 Manuel del Val era un hombre infatigable e inquieto: \u201cten\u00eda una obsesi\u00f3n compulsiva por la liberaci\u00f3n de los pueblos originarios; incluso, antes de su deceso, planteaba la necesidad de proteger y albergar a los pueblos ind\u00edgenas y afromexicanos, pero tambi\u00e9n a aquellos migrantes que estaban arribando a M\u00e9xico.<\/p>\n\n\n\n<p>\u201cNo, no descanses en paz Jos\u00e9 del Val, de soles ardientes desprende rayos luminosos, visita las mentes de las noveles generaciones, mu\u00e9strales la apertura a la diversidad emancipadora y la magia dial\u00f3gica de los encuentros amorosos; no, no descanses en paz, Jos\u00e9\u2026 hermano\u201d, finaliz\u00f3.<\/p>\n\n\n\n<p>El d\u00eda de ma\u00f1ana, los invitamos a seguir el Coloquio \u201cDi\u00e1logos desde el territorio: despojos, resistencias y utop\u00edas\u201d, que tendr\u00e1 lugar en el Auditorio Fray Bernardino de Sahag\u00fan, de 10:00 a 14:00 horas.<\/p>\n","protected":false},"excerpt":{"rendered":"<p>Visitas: 29 En un acto que reconoci\u00f3 las aportaciones, rebeld\u00eda, esp\u00edritu cr\u00edtico y sentido de pluralidad del etn\u00f3logo Jos\u00e9 Manuel del Val Blanco (1949-2023), esta ma\u00f1ana, la Secretar\u00eda de Cultura del Gobierno de M\u00e9xico, a trav\u00e9s del Instituto Nacional de Antropolog\u00eda e Historia (INAH), en el marco de la 34 Feria Internacional del Libro de [&hellip;]<\/p>\n","protected":false},"author":2,"featured_media":199171,"comment_status":"open","ping_status":"open","sticky":false,"template":"","format":"standard","meta":{"footnotes":""},"categories":[252],"tags":[],"class_list":{"0":"post-199170","1":"post","2":"type-post","3":"status-publish","4":"format-standard","5":"has-post-thumbnail","7":"category-nacionales"},"nelio_content":{"isAutoShareEnabled":true,"autoShareEndMode":"never","automationSources":{"useCustomSentences":false,"customSentences":[]},"followers":[],"suggestedReferences":[],"efiUrl":"","efiAlt":"","highlights":[],"permalinkQueryArgs":[],"series":[]},"_links":{"self":[{"href":"https:\/\/www.enteratever.com\/2023\/wp-json\/wp\/v2\/posts\/199170","targetHints":{"allow":["GET"]}}],"collection":[{"href":"https:\/\/www.enteratever.com\/2023\/wp-json\/wp\/v2\/posts"}],"about":[{"href":"https:\/\/www.enteratever.com\/2023\/wp-json\/wp\/v2\/types\/post"}],"author":[{"embeddable":true,"href":"https:\/\/www.enteratever.com\/2023\/wp-json\/wp\/v2\/users\/2"}],"replies":[{"embeddable":true,"href":"https:\/\/www.enteratever.com\/2023\/wp-json\/wp\/v2\/comments?post=199170"}],"version-history":[{"count":1,"href":"https:\/\/www.enteratever.com\/2023\/wp-json\/wp\/v2\/posts\/199170\/revisions"}],"predecessor-version":[{"id":199175,"href":"https:\/\/www.enteratever.com\/2023\/wp-json\/wp\/v2\/posts\/199170\/revisions\/199175"}],"wp:featuredmedia":[{"embeddable":true,"href":"https:\/\/www.enteratever.com\/2023\/wp-json\/wp\/v2\/media\/199171"}],"wp:attachment":[{"href":"https:\/\/www.enteratever.com\/2023\/wp-json\/wp\/v2\/media?parent=199170"}],"wp:term":[{"taxonomy":"category","embeddable":true,"href":"https:\/\/www.enteratever.com\/2023\/wp-json\/wp\/v2\/categories?post=199170"},{"taxonomy":"post_tag","embeddable":true,"href":"https:\/\/www.enteratever.com\/2023\/wp-json\/wp\/v2\/tags?post=199170"}],"curies":[{"name":"wp","href":"https:\/\/api.w.org\/{rel}","templated":true}]}}