{"id":198956,"date":"2023-10-05T11:57:24","date_gmt":"2023-10-05T17:57:24","guid":{"rendered":"https:\/\/www.enteratever.com\/2023\/?p=198956"},"modified":"2023-10-05T11:57:26","modified_gmt":"2023-10-05T17:57:26","slug":"la-enah-continuara-los-festejos-por-su-85-aniversario-en-la-34-filah","status":"publish","type":"post","link":"https:\/\/www.enteratever.com\/2023\/2023\/10\/05\/la-enah-continuara-los-festejos-por-su-85-aniversario-en-la-34-filah\/","title":{"rendered":"La ENAH continuar\u00e1 los festejos por su 85 aniversario en la 34 FILAH"},"content":{"rendered":"<p>Visitas: 68<\/p>\n<p>Este 2023, adem\u00e1s de celebrar a las culturas de Sonora y Cuba, la 34 Feria Internacional del Libro de Antropolog\u00eda e Historia (FILAH) tambi\u00e9n rinde homenaje, mediante presentaciones editoriales, conferencias y otras actividades de libre acceso, a la Escuela Nacional de Antropolog\u00eda e Historia (ENAH), por su 85 aniversario.<\/p>\n\n\n\n<p>Dentro de este evento editorial, organizado por la Secretar\u00eda de Cultura federal, a trav\u00e9s del Instituto Nacional de Antropolog\u00eda e Historia (INAH), con sede en el Museo Nacional de Antropolog\u00eda (MNA), habr\u00e1 una jornada especial, el lunes 9 de octubre, para celebrar a esta casa de estudios.<\/p>\n\n\n\n<p>Respectivamente, a las 11:00 horas, las carpas Yaqui, Seri y el espacio l\u00fadico Cucap\u00e1 de la FILAH albergar\u00e1n tres actividades: el comentario del cat\u00e1logo digital <em>De criollos y nativos<\/em>, con la participaci\u00f3n de Berenise Bravo y Karla Vivar; la presentaci\u00f3n del <em>Cat\u00e1logo documental Archivo Hist\u00f3rico, ENAH<\/em>, a cargo de Susana Garc\u00eda, Gabriela Pulido y Francisco Rivera; y la clase abierta \u201cLas fuentes en la etnohistoria\u201d, por Julieta Valle.<\/p>\n\n\n\n<p>Al mediod\u00eda, en la carpa Yaqui se presentar\u00e1 la conferencia <em>A 100 a\u00f1os de El Machet<\/em>e, por parte de Araceli S\u00e1nchez; y el libro <em>Ir\u00edamos al campo juntos<\/em>, de Carlos Arturo Hern\u00e1ndez, en la carpa Seri.<\/p>\n\n\n\n<p>A las 13:00 horas, tambi\u00e9n en la carpa Seri, las especialistas Julieta Valle, Ver\u00f3nica Susana Garc\u00eda y Susana Oca\u00f1a presentar\u00e1n el libro <em>Huellas e itinerarios. Mujeres antrop\u00f3logas de la Escuela Nacional de Antropolog\u00eda e Historia (1939-2020)<\/em>.<\/p>\n\n\n\n<p>En esta jornada dedicada a la ENAH se ofrecer\u00e1 una clase abierta al p\u00fablico sobre \u201cLos motines en la \u00e9poca novohispana\u201d, a las 13:00 horas, en el espacio l\u00fadico Cucap\u00e1, que ser\u00e1 impartida por Antonio Ruiz.<\/p>\n\n\n\n<p>A las 14:00 horas, se presentar\u00e1 la edici\u00f3n facsimilar del libro <em>Juan P\u00e9rez Jolote. A 75 a\u00f1os de haber sido publicado por la Sociedad de Alumnos de la ENAH en 1948<\/em>, con la participaci\u00f3n del director general del INAH, Diego Prieto Hern\u00e1ndez, en la carpa Yaqui; y se dictar\u00e1 la conferencia <em>De la investigaci\u00f3n al libro cient\u00edfico<\/em>, por Blanca C\u00e1rdenas, en la carpa Seri.<\/p>\n\n\n\n<p>La jornada de festejos continuar\u00e1, a las 15:00 horas, con la presentaci\u00f3n del <em>Cat\u00e1logo digital del Laboratorio de Tecnolog\u00edas de Cazadores Recolectores<\/em>, por parte de Patricia P\u00e9rez y Guillermo Acosta, en la carpa Yaqui. Mientras que en el foro art\u00edstico, a esa misma hora, el Son de la ENAH y el Grupo Tlacuaches del Sur, formados por estudiantes de la escuela, amenizar\u00e1n con un repertorio de m\u00fasica tradicional mexicana.<\/p>\n\n\n\n<p>Posteriormente, a las 16:00 horas, en la carpa Yaqui, se efectuar\u00e1 la presentaci\u00f3n editorial <em>85 a\u00f1os de la ENAH. Libro conmemorativo<\/em>, coordinado por Luis de la Pe\u00f1a. Al mismo tiempo, en la carpa Seri y el foro art\u00edstico, respectivamente, se proyectar\u00e1 el video-c\u00f3dice <em>ENAH-Cuicuilco<\/em>, de David Arreola y Ricardo Reina, y se presentar\u00e1 el grupo de fandango de la escuela.<\/p>\n\n\n\n<p>Finalmente, la jornada concluir\u00e1 con la presentaci\u00f3n del No. 110 de la revista <em>Arqueolog\u00eda Mexicana<\/em>, cuyo tema central es el Museo Paleontol\u00f3gico de Santa Luc\u00eda, \u201cQuinametzin\u201d, a cargo de Tamara Cruz, Ir\u00e1n Rivera y Karla Vivar; en la carpa Seri, a las 17:00 horas.<\/p>\n\n\n\n<p>Cabe destacar que durante la 34 FILAH, profesores e investigadores de la ENAH compartir\u00e1n con el p\u00fablico otras actividades de acceso gratuito, como clases o conversatorios, en el espacio l\u00fadico Cucap\u00e1, del 6 al 13 de octubre. El programa de las mismas est\u00e1 disponible en la <a href=\"https:\/\/www.feriadelibro.inah.gob.mx\/filah34\/eventos-2023.html?evento_tipo=&amp;evento_sede=Espacio+l%C3%BAdico+Cucap%C3%A1&amp;eventos_search_gral=&amp;art_states=1&amp;cck=evento&amp;search=eventos&amp;task=search\">p\u00e1gina web<\/a> de la feria del libro.<\/p>\n","protected":false},"excerpt":{"rendered":"<p>Visitas: 68 Este 2023, adem\u00e1s de celebrar a las culturas de Sonora y Cuba, la 34 Feria Internacional del Libro de Antropolog\u00eda e Historia (FILAH) tambi\u00e9n rinde homenaje, mediante presentaciones editoriales, conferencias y otras actividades de libre acceso, a la Escuela Nacional de Antropolog\u00eda e Historia (ENAH), por su 85 aniversario. Dentro de este evento [&hellip;]<\/p>\n","protected":false},"author":2,"featured_media":198959,"comment_status":"open","ping_status":"open","sticky":false,"template":"","format":"standard","meta":{"footnotes":""},"categories":[252],"tags":[],"class_list":{"0":"post-198956","1":"post","2":"type-post","3":"status-publish","4":"format-standard","5":"has-post-thumbnail","7":"category-nacionales"},"nelio_content":{"isAutoShareEnabled":true,"autoShareEndMode":"never","automationSources":{"useCustomSentences":false,"customSentences":[]},"followers":[],"suggestedReferences":[],"efiUrl":"","efiAlt":"","highlights":[],"permalinkQueryArgs":[],"series":[]},"_links":{"self":[{"href":"https:\/\/www.enteratever.com\/2023\/wp-json\/wp\/v2\/posts\/198956","targetHints":{"allow":["GET"]}}],"collection":[{"href":"https:\/\/www.enteratever.com\/2023\/wp-json\/wp\/v2\/posts"}],"about":[{"href":"https:\/\/www.enteratever.com\/2023\/wp-json\/wp\/v2\/types\/post"}],"author":[{"embeddable":true,"href":"https:\/\/www.enteratever.com\/2023\/wp-json\/wp\/v2\/users\/2"}],"replies":[{"embeddable":true,"href":"https:\/\/www.enteratever.com\/2023\/wp-json\/wp\/v2\/comments?post=198956"}],"version-history":[{"count":1,"href":"https:\/\/www.enteratever.com\/2023\/wp-json\/wp\/v2\/posts\/198956\/revisions"}],"predecessor-version":[{"id":198964,"href":"https:\/\/www.enteratever.com\/2023\/wp-json\/wp\/v2\/posts\/198956\/revisions\/198964"}],"wp:featuredmedia":[{"embeddable":true,"href":"https:\/\/www.enteratever.com\/2023\/wp-json\/wp\/v2\/media\/198959"}],"wp:attachment":[{"href":"https:\/\/www.enteratever.com\/2023\/wp-json\/wp\/v2\/media?parent=198956"}],"wp:term":[{"taxonomy":"category","embeddable":true,"href":"https:\/\/www.enteratever.com\/2023\/wp-json\/wp\/v2\/categories?post=198956"},{"taxonomy":"post_tag","embeddable":true,"href":"https:\/\/www.enteratever.com\/2023\/wp-json\/wp\/v2\/tags?post=198956"}],"curies":[{"name":"wp","href":"https:\/\/api.w.org\/{rel}","templated":true}]}}