{"id":198754,"date":"2023-10-03T08:22:44","date_gmt":"2023-10-03T14:22:44","guid":{"rendered":"https:\/\/www.enteratever.com\/2023\/?p=198754"},"modified":"2023-10-03T08:22:46","modified_gmt":"2023-10-03T14:22:46","slug":"presenta-ivec-las-actividades-programadas-durante-el-mes-de-octubre-en-su-red-de-recintos-culturales","status":"publish","type":"post","link":"https:\/\/www.enteratever.com\/2023\/2023\/10\/03\/presenta-ivec-las-actividades-programadas-durante-el-mes-de-octubre-en-su-red-de-recintos-culturales\/","title":{"rendered":"Presenta IVEC las actividades programadas durante el mes de octubre en su red de recintos culturales"},"content":{"rendered":"<p>Visitas: 12<\/p>\n<p>El Instituto Veracruzano de la Cultura presenta una oferta cultural diversa durante el mes de octubre, integrada por exposiciones, conversatorios, talleres, m\u00fasica, teatro, literatura, cine y actividades de fomento a la lectura, que tendr\u00e1n lugar en su red de recintos culturales de Xalapa, Veracruz, Boca del R\u00edo, Orizaba, Papantla, Huatusco y Tlacotalpan para todos los p\u00fablicos.<\/p>\n\n\n\n<p>La <strong>Pinacoteca Diego Rivera<\/strong> invita a conocer la exposici\u00f3n <strong><em>Universo Interior<\/em><\/strong><em>,<\/em> obra del reconocido artista veracruzano Nahum B. Zenil, y en su explanada a disfrutar de la proyecci\u00f3n de cine mexicano con <strong>#CineIVEC<\/strong>, donde tambi\u00e9n podremos aprender a hacer un arco floral para nuestro altar tradicional de D\u00eda de Muertos. Sigue las redes sociales <a href=\"https:\/\/www.facebook.com\/PinacotecaDR\">@PinacotecaDR<\/a> para conocer la programaci\u00f3n completa de la Pinacoteca.<\/p>\n\n\n\n<p>La <strong>Galer\u00eda de Arte Contempor\u00e1neo de Xalapa<\/strong> inaugura en la Sala 3E la muestra <strong><em>Huesos y tumbas<\/em><\/strong> de la joven artista Itzel Velazco; mientras que en la sala principal y patio central del recinto continuar\u00e1n disponibles para visitar la colecci\u00f3n <strong><em>Concreto<\/em><\/strong> de Manuel Vel\u00e1zquez y la instalaci\u00f3n <strong><em>Memoriar. Vivienda, fantas\u00eda y posibilidad<\/em><\/strong> de Libertad Alc\u00e1ntara. Contin\u00faan los s\u00e1bados de concierto, mientras los \u201cViernes de Cine\u201d comparten cine mexicano y presentan el ciclo \u201cEllas Directoras\u201d. En honor a la tradici\u00f3n del D\u00eda de Muertos, tendr\u00e1 lugar en la GACX el taller \u201cCalaveras y estampitas\u201d y se instalar\u00e1 una ofrenda. Consulta los detalles de \u00e9sta y todas las actividades a trav\u00e9s de la p\u00e1gina de Facebook <a href=\"https:\/\/www.facebook.com\/GACXalapa\/\">@GACXalapa<\/a> y el blog digital <a href=\"https:\/\/gacxalapa.blogspot.com\">https:\/\/gacxalapa.blogspot.com<\/a>.<\/p>\n\n\n\n<p>Los espacios del <strong>Jard\u00edn de las Esculturas<\/strong> ser\u00e1n sede del <strong>Tercer Encuentro de Gr\u00e1fica Trazos Comunes<\/strong>, que contar\u00e1 con una expoventa de gr\u00e1fica, talleres y conversatorios, y presenta, en la sala Bromelia, la colecci\u00f3n <strong><em>Guanajuato International Postal Print<\/em><\/strong>. La galer\u00eda central del JEX alberga la exposici\u00f3n <strong><em>Ausencias<\/em><\/strong>, gr\u00e1fica de Roberto Gonz\u00e1lez, y las \u201cNoches de Museo\u201d contin\u00faan con sus tradicionales recorridos por el acervo escult\u00f3rico, as\u00ed como los talleres inclusivos y otros en torno a la celebraci\u00f3n de nuestras tradiciones. Para conocer la cartelera completa, visita el sitio web <a href=\"https:\/\/jex.veracruzcultura.com\">https:\/\/jex.veracruzcultura.com<\/a> y las redes sociales <a href=\"https:\/\/www.facebook.com\/JardinDeLasEsculturas\/?locale=es_LA\">@JardinDeLasEsculturas<\/a>.<\/p>\n\n\n\n<p>En el <strong>Teatro del Estado<\/strong> tendr\u00e1 lugar la <strong>Muestra Estatal de Artes Esc\u00e9nicas Veracruz 2023<\/strong>, programa integrado por charlas, talleres y presentaciones esc\u00e9nicas organizado por el IVEC en colaboraci\u00f3n con la Secretar\u00eda de Cultura. As\u00ed tambi\u00e9n, la comunidad teatral de la Universidad Veracruzana presenta su Festival de Teatro Universitario. En danza, se contar\u00e1 con la destacada participaci\u00f3n de Roberta Carreri, actriz y bailarina del Nordisk Teaterlaboratorium, quien interpretar\u00e1 la obra coreogr\u00e1fica<em> Huellas en la nieve<\/em>. La m\u00fasica regresa al mezzanine del Teatro con un repertorio a cargo de la Facultad de M\u00fasica de la UV y el Instituto Superior de M\u00fasica del Estado de Veracruz. Para consultar todos los detalles, seguir las redes sociales Facebook y Twitter <a href=\"https:\/\/www.facebook.com\/TeatroDelEstado\/?locale=es_LA\">@TeatroDelEstado<\/a>.<\/p>\n\n\n\n<p>En el <strong>foro abierto del \u00c1gora de la Ciudad<\/strong>, ubicado en el coraz\u00f3n del parque Ju\u00e1rez, se invita a las infancias a participar en el taller \u201cAnimaci\u00f3n para ni\u00f1as y ni\u00f1os\u201d. Asimismo, los mi\u00e9rcoles sin lluvia son de cine; en esta ocasi\u00f3n se presenta el ciclo Nicol\u00e1s Echeverr\u00eda, conformado por los filmes <em>Mar\u00eda Sabina, mujer esp\u00edritu<\/em>; <em>Poetas campesinos<\/em>, y <em>Teshuinada, Semana Santa Tarahumara<\/em>. Para m\u00e1s informaci\u00f3n consulta las redes sociales del <a href=\"https:\/\/www.facebook.com\/AgoradelaCiudad\/\">@AgoradelaCiudad<\/a>.<\/p>\n\n\n\n<p>La <strong>Casa de Cultura de Coatepec<\/strong> inaugura <strong><em>Altar<\/em><\/strong>, intervenci\u00f3n pl\u00e1stica de la artista Jimena Ramos. El Chivizcoyo Bazar tendr\u00e1 una edici\u00f3n infantil, con talleres de papel picado y calaveritas de papel para las infancias y juventudes. Se llevar\u00e1n a cabo c\u00edrculos de lectura dirigidos a ni\u00f1as, ni\u00f1os y mujeres. Adem\u00e1s, el grupo Son Coates ofrece un fandango familiar para toda la comunidad. Consulta fechas y horarios en la p\u00e1gina de Facebook <a href=\"https:\/\/www.facebook.com\/CasadeCulturaCoatepecIVEC\/?locale=es_LA\">@CasadeCulturaCoatepecIVEC<\/a>.<\/p>\n\n\n\n<p>En la ciudad de Veracruz, el <strong>Centro Cultural Exconvento Betlehemita<\/strong> ser\u00e1 la sede principal del <strong>XXVII Festival Internacional Afrocaribe\u00f1o<\/strong>, especialmente del foro acad\u00e9mico, conformado por un programa de conversatorios, presentaciones editoriales, talleres y expoventa de libros. Tambi\u00e9n podremos conocer la nueva exposici\u00f3n colectiva <strong><em>En todos los puntos del bordado<\/em><\/strong>, y visitar la muestra <strong><em>Del cielo a la tierra, Dioses Narigudos<\/em><\/strong>, colecci\u00f3n arqueol\u00f3gica del Centro INAH Veracruz, en torno a la cual se desarrolla el taller \u201cConociendo mi patrimonio\u201d, que se realizar\u00e1 en colaboraci\u00f3n con el \u00e1rea de Divulgaci\u00f3n Cultural INAH. <strong>#CineIVEC <\/strong>proyectar\u00e1 el ciclo<strong><em> \u201c<\/em><\/strong>Los diferentes encuadres del amor\u201d y el olor del cempas\u00fachil estar\u00e1 presente en el tradicional Altar de D\u00eda de Muertos del Exconvento Betlehemita. Conoce la programaci\u00f3n completa del recinto sede del IVEC en <a href=\"https:\/\/www.facebook.com\/ExCBetlehemita\/?locale=es_LA\">@ExCBetlehemita<\/a>.<\/p>\n\n\n\n<p>El <strong>Centro Cultural Atarazanas<\/strong> tambi\u00e9n recibe al <strong>XXVII Festival Internacional Afrocaribe\u00f1o<\/strong> con la inauguraci\u00f3n de la exposici\u00f3n <em>in memoriam<\/em> <strong><em>Mi sangre africana<\/em><\/strong><em>,<\/em> de Mois\u00e9s Fuentes Chagala. El mercado artesanal Art\u00edfices recibir\u00e1 a un invitado especial y este a\u00f1o se celebra el D\u00eda de Muertos con un concurso de altares tradicionales dirigido a bachilleres. Contin\u00faan los talleres Sones para guitarra y Tejido en ojo de perdiz en muebles de madera, entre otras enriquecedoras propuestas formativas. Consulta m\u00e1s talleres y los requisitos en la p\u00e1gina de Facebook <a href=\"https:\/\/www.facebook.com\/CentroCulturalAtarazanas\/?locale=es_LA\">@CentroCulturalAtarazanas<\/a>.<\/p>\n\n\n\n<p>El <strong>Centro Cultural Casa Principal<\/strong> invita a recorrer la exposici\u00f3n <strong><em>El desahogo de la abstracci\u00f3n<\/em><\/strong><em>,<\/em> obra de Oth\u00f3n T\u00e9llez, de martes a domingo, de 10:00 a 18:00 horas. Este octubre, mes de la arquitectura, se ha preparado un ciclo de conversatorios en torno a esta disciplina y su pr\u00e1ctica, en el que participan destacados exponentes del tema. Para toda la familia, se ofrecen talleres de dibujo, pintura, narrativa, gui\u00f3n cinematogr\u00e1fico y dise\u00f1o arquitect\u00f3nico. Hacia fin de mes podremos conocer su ofrenda de D\u00eda de Muertos. Para m\u00e1s informaci\u00f3n sobre las actividades de este recinto, sigue la p\u00e1gina de Facebook <a href=\"https:\/\/www.facebook.com\/CasaPrincipalIvec\/?locale=es_LA\">@CasaPrincipalIvec<\/a>.<\/p>\n\n\n\n<p>En la <strong>Fototeca de Veracruz<\/strong> contin\u00faa la exposici\u00f3n <strong><em>Terra Ignota, zapatos migrantes<\/em><\/strong>, de Lourdes Almeida, en torno a la que se celebra la presentaci\u00f3n del proyecto <strong><em>Espacios ajenos. Retratos de la migraci\u00f3n<\/em><\/strong>, con la participaci\u00f3n de Sebasti\u00e1n Kunold. El p\u00fablico de todas las edades podr\u00e1 visitarnos y tomarse una foto familiar en el marco de \u201cLa hora del fresco\u201d, set fotogr\u00e1fico-tem\u00e1tico del D\u00eda de Muertos. De igual manera, les espera el taller de cianotipia \u201cAnimales fant\u00e1sticos\u201d. Visita el sitio web <a href=\"http:\/\/fototecaveracruz.com\">http:\/\/fototecaveracruz.com<\/a> y sigue la p\u00e1gina de Facebook <a href=\"https:\/\/www.facebook.com\/FototecaDeVeracruz\/?locale=es_LA\">@FototecaDeVeracruz<\/a> para conocer la cartelera completa.<\/p>\n\n\n\n<p>Contin\u00faan en la <strong>Casa Museo Agust\u00edn Lara<\/strong> los \u201cMi\u00e9rcoles bohemios\u201d, que en octubre contar\u00e1n con la presencia de Edel Cruz Fusi\u00f3n Folk, los Ensambles Musicales del Centro de Estudios Superiores en M\u00fasica Popular y el grupo Jarocho Sound. Los conciertos y recitales de los S\u00e1bados de Lara y el tradicional Laraoke siguen invitando al p\u00fablico a cantar las canciones del Flaco de Oro; el cual tambi\u00e9n podr\u00e1 participar en el Concurso \u201cCalaveritas para Lara\u201d. Adem\u00e1s, el \u00faltimo d\u00eda del mes se inaugura el <strong>Festival Agust\u00edn Lara 2023<\/strong>. Para conocer la programaci\u00f3n, seguir la p\u00e1gina de Facebook <a href=\"https:\/\/www.facebook.com\/MuseoAgustinLara\/?locale=es_LA\">@MuseoAgustinLara<\/a>.<\/p>\n\n\n\n<p>El <strong>Centro Veracruzano de las Artes \u201cHugo Arg\u00fcelles\u201d<\/strong> tambi\u00e9n es sede del <strong>XXVII Festival Internacional Afrocaribe\u00f1o<\/strong>, presentando el programa de talleres.&nbsp; Su programa formativo ofrece el Diplomado en Periodismo Cultural y un curso de gesti\u00f3n de exposiciones que se oferta en coordinaci\u00f3n con el INBAL. En su foro tambi\u00e9n veremos una muestra coreogr\u00e1fica y en el sal\u00f3n de danza el taller de profesionalizaci\u00f3n en artes esc\u00e9nicas \u201cIntroducci\u00f3n a g\u00e9neros dram\u00e1ticos\u201d. Contin\u00faan los jueves de libros y el ciclo \u201cHablemos de Teatro\u201d. Visita las redes sociales <a href=\"https:\/\/www.facebook.com\/CEVARTivec\/?locale=es_LA\">@CEVARTivec<\/a> para solicitar m\u00e1s informaci\u00f3n.<\/p>\n\n\n\n<p>En el <strong>Museo de Arte del Estado de Veracruz<\/strong> contin\u00faa la exposici\u00f3n <strong><em>Grandes Maestros del Arte Popular de M\u00e9xico, 20 a\u00f1os<\/em><\/strong>, colecci\u00f3n Fomento Cultural Citibanamex en torno a la que prosiguen las actividades del ciclo de conversatorios \u201cEl don y el saber\u201d y una nueva edici\u00f3n del mercado artesanal Art\u00edfices, que incluye talleres de papel picado y m\u00fasica de son jarocho. Para celebrar las fiestas del D\u00eda de Muertos se presentar\u00e1 una gran muestra de altares y ofrendas tradicionales. El d\u00eda 20 se invita a la conferencia \u201cGesti\u00f3n cultural desde la perspectiva del bien com\u00fan\u201d, impartida por Evelin Flores, directora del Museo de la Universidad Popular Aut\u00f3noma del Estado de Puebla, y el martes 10, gracias a nuestro programa de inclusi\u00f3n, el MAEV recibe la visita de la activista Kenya Cuevas de Casa Tiresias. De martes a domingo, de 10:00 a 19:00 horas, invitamos a visitar la exposici\u00f3n permanente <strong><em>Diego Rivera, artista universal<\/em><\/strong>, colecci\u00f3n del Gobierno del Estado de Veracruz . Para conocer la programaci\u00f3n completa del MAEV sigue la p\u00e1gina de Facebook <a href=\"https:\/\/www.facebook.com\/MAEVorizaba\/?locale=es_LA\">@MAEVorizaba<\/a>.<\/p>\n\n\n\n<p>La <strong>Casa Museo Guillermo Landa<\/strong>, ubicada en la ciudad de Huatusco, invita a la exposici\u00f3n permanente <strong><em>Una mirada a la vida de Guillermo Landa<\/em><\/strong>, retrospectiva fotogr\u00e1fica del poeta y diplom\u00e1tico. Mois\u00e9s Hern\u00e1ndez comparte la charla sobre \u201cEl Chalet, historia y arquitectura de un estilo europeo\u201d y el p\u00fablico podr\u00e1 visitar el Altar de D\u00eda de Muertos dedicado a Guillermo Landa. Visita las redes sociales <a href=\"https:\/\/www.facebook.com\/CasaMuseoLanda\/\">@CasaMuseoLanda<\/a> para conocer las actividades de este recinto IVEC.<\/p>\n\n\n\n<p>En la ciudad de Papantla, el <strong>Museo Teodoro Cano<\/strong> invita a visitar la colecci\u00f3n permanente. En el marco de nuestras tradiciones, invitamos al taller de papel picado los s\u00e1bados y domingos de octubre de 10:00 a 18:00 horas, y a fin de mes podremos visitar la ofrenda en honor de nuestro querido don Teodoro Cano. Cine IVEC exhibir\u00e1 la Muestra F\u00edlmica ENAC 2023 de la UNAM y el viernes de conversatorio se presenta \u201cCultivando mis derechos\u201d, con la participaci\u00f3n del Centro Virtual de Lenguas del Instituto Consorcio Clavijero, en conmemoraci\u00f3n del D\u00eda Internacional de la Mujer Rural. Tambi\u00e9n invitamos a las infancias de la regi\u00f3n a formar parte del taller de formaci\u00f3n coral. Sigue la cuenta de Facebook <a href=\"https:\/\/www.facebook.com\/MuseoTeodoroCano\/?locale=es_LA\">@MuseoTeodoroCano<\/a> para conocer todas las actividades del recinto.<\/p>\n\n\n\n<p>El <strong>Centro Cultural del Sotavento<\/strong>, localizado en Tlacotalpan, Veracruz, invita a disfrutar la exposici\u00f3n <strong><em>Abezoodario<\/em><\/strong><em>,<\/em> de Jos\u00e9 Antonio Platas. Asimismo, en la sala de lectura, aprenderemos a hacer calaveras literarias; mientras que en el Semillero Creativo de Gr\u00e1fica estaremos preparando las estampas para nuestro altar. As\u00ed tambi\u00e9n el coro <strong>Voces del R\u00edo Papaloapan<\/strong> ofrecer\u00e1 un recital. Conoce todas las actividades y horarios de este espacio cultural en la p\u00e1gina <a href=\"https:\/\/www.facebook.com\/CentroCulturalSotavento\/\">@CentroCulturalSotavento<\/a>.<\/p>\n\n\n\n<p>El <strong>Programa de Inclusi\u00f3n a trav\u00e9s de las Artes del IVEC<\/strong> propone una variada oferta de actividades. En Veracruz, el Centro Cultural Atarazanas y Ubuntu Cultural: arte en movimiento presentan el espect\u00e1culo cultural <em>Miti el monstruo<\/em>, actividad dirigida a comunidad sorda y oyente, interpretada por el Colectivo Teatral Manos a la Se\u00f1a. En la <strong>Fototeca de Veracruz<\/strong> se realizar\u00e1 la proyecci\u00f3n y conversatorio \u201cAntes que anochezca\u201d, dirigido a la comunidad LGBTTTIQ+.&nbsp;<\/p>\n\n\n\n<p>La <strong>Galer\u00eda de Arte Contempor\u00e1neo de Xalapa<\/strong>, tambi\u00e9n en coordinaci\u00f3n con Ubuntu Cultural, llevar\u00e1 a cabo un taller de Lengua de Se\u00f1as Mexicana para int\u00e9rpretes en formaci\u00f3n; as\u00ed como el conversatorio \u201cMujeres diversas. Experiencia de creadoras art\u00edsticas con discapacidad\u201d. El <strong>Jard\u00edn de las Esculturas<\/strong> ofrece los talleres \u201cUn Jard\u00edn incluyente\u201d, \u201cCatrinas de papel\u201d, \u201cArte textil para infancias\u201d y \u201cDibujo y pintura en Lengua de Se\u00f1as Mexicana\u201d. El <strong>Teatro del Estado <\/strong>presenta el taller \u201cBaile en Braille\u201d, dirigido a personas ciegas y d\u00e9biles visuales. Asimismo, el <strong>foro abierto del \u00c1gora de la Ciudad <\/strong>invita al \u201cTaller sensorial de promoci\u00f3n a la lectura para infancias\u201d, dirigido a infantes con discapacidades neurodiversas.&nbsp;<\/p>\n\n\n\n<p>En la ciudad de Orizaba, el <strong>Museo de Arte del Estado de Veracruz<\/strong> contin\u00faa exhibiendo la exposici\u00f3n <em>Diego ConSentido<\/em>, muestra dise\u00f1ada para personas con discapacidad; as\u00ed como realizar\u00e1 la actividad \u201cTransformando una sociedad m\u00e1s inclusiva\u201d, dirigida a la comunidad LGBTTTIQ+.&nbsp;<\/p>\n\n\n\n<p>Durante el mes de octubre el <strong>Departamento de Promoci\u00f3n del Libro y de la Lectura<\/strong> del Instituto Veracruzano de la Cultura prepar\u00f3 una serie de actividades para ti. La GACX y el CEVART abren sus puertas para presentar en sus jueves de libros el t\u00edtulo <em>Memorial Device<\/em>, de David Keenan, coedici\u00f3n de la Editorial IVEC y Sexto Piso<em>.<\/em> Nuevamente abre sus puertas la casa del cuento del Exconvento Betlehemita para disfrutar y aprender participando en la actividad <strong>\u00a1Ay nanita!: mi nombre est\u00e1 en una calaverita<\/strong>, taller de escritura de calaveritas literarias donde ni\u00f1as, ni\u00f1os y j\u00f3venes exploran creativamente su humor. En el coraz\u00f3n de Xalapa, la <strong>Librer\u00eda IVEC<\/strong> y el foro abierto del \u00c1gora de la Ciudad ser\u00e1n los espacios del c\u00edrculo de lectura <strong>Brujas mexicanas, <\/strong>un acercamiento a la literatura de terror escrita por mujeres en M\u00e9xico impartido por Tania Rivera; el ciclo de conversatorios <strong>Encuentros textuales<\/strong>, di\u00e1logos sobre diversos g\u00e9neros de literatura escrita por j\u00f3venes a cargo de Casandra G\u00f3mez; y la celebraci\u00f3n de un conversatorio en honor al <strong>centenario de las misiones culturales de Vasconcelos<\/strong>, un tit\u00e1nico esfuerzo por llevar la cultura a todo M\u00e9xico y que hasta el d\u00eda de hoy rinde y rendir\u00e1 frutos. Finalmente, en el marco del <strong>mes de la resistencia ind\u00edgena<\/strong>, en el foro abierto tendr\u00e1 lugar la presentaci\u00f3n editorial de los libros <em>Cultura e identidad ind\u00edgena en Veracruz: juventudes en el Totonacapan<\/em> e <em>Historia, Cultura y desastres en el Totonacapan<\/em>, alojados en el repositorio de la <strong>Biblioteca Digital IVEC<\/strong>; posteriormente, los autores de ambos t\u00edtulos visitar\u00e1n el Museo Teodoro Cano para conversar sobre la importancia de visibilizar y comprender, desde sus propias cosmogon\u00edas y pensamientos, al Totonacapan.<\/p>\n\n\n\n<figure class=\"wp-block-gallery has-nested-images columns-default td-modal-on-gallery wp-block-gallery-1 is-layout-flex wp-block-gallery-is-layout-flex\">\n<figure class=\"wp-block-image size-full\"><img loading=\"lazy\" decoding=\"async\" width=\"768\" height=\"461\" data-id=\"198757\" src=\"https:\/\/www.enteratever.com\/2023\/wp-content\/uploads\/2023\/10\/WhatsApp-Image-2023-10-02-at-8.21.05-PM-1-768x461-1.jpeg\" alt=\"\" class=\"wp-image-198757\" srcset=\"https:\/\/www.enteratever.com\/2023\/wp-content\/uploads\/2023\/10\/WhatsApp-Image-2023-10-02-at-8.21.05-PM-1-768x461-1.jpeg 768w, https:\/\/www.enteratever.com\/2023\/wp-content\/uploads\/2023\/10\/WhatsApp-Image-2023-10-02-at-8.21.05-PM-1-768x461-1-300x180.jpeg 300w, https:\/\/www.enteratever.com\/2023\/wp-content\/uploads\/2023\/10\/WhatsApp-Image-2023-10-02-at-8.21.05-PM-1-768x461-1-150x90.jpeg 150w, https:\/\/www.enteratever.com\/2023\/wp-content\/uploads\/2023\/10\/WhatsApp-Image-2023-10-02-at-8.21.05-PM-1-768x461-1-696x418.jpeg 696w\" sizes=\"auto, (max-width: 768px) 100vw, 768px\" \/><\/figure>\n\n\n\n<figure class=\"wp-block-image size-full\"><img loading=\"lazy\" decoding=\"async\" width=\"768\" height=\"461\" data-id=\"198758\" src=\"https:\/\/www.enteratever.com\/2023\/wp-content\/uploads\/2023\/10\/WhatsApp-Image-2023-10-02-at-8.21.05-PM-768x461-1.jpeg\" alt=\"\" class=\"wp-image-198758\" srcset=\"https:\/\/www.enteratever.com\/2023\/wp-content\/uploads\/2023\/10\/WhatsApp-Image-2023-10-02-at-8.21.05-PM-768x461-1.jpeg 768w, https:\/\/www.enteratever.com\/2023\/wp-content\/uploads\/2023\/10\/WhatsApp-Image-2023-10-02-at-8.21.05-PM-768x461-1-300x180.jpeg 300w, https:\/\/www.enteratever.com\/2023\/wp-content\/uploads\/2023\/10\/WhatsApp-Image-2023-10-02-at-8.21.05-PM-768x461-1-150x90.jpeg 150w, https:\/\/www.enteratever.com\/2023\/wp-content\/uploads\/2023\/10\/WhatsApp-Image-2023-10-02-at-8.21.05-PM-768x461-1-696x418.jpeg 696w\" sizes=\"auto, (max-width: 768px) 100vw, 768px\" \/><\/figure>\n<\/figure>\n","protected":false},"excerpt":{"rendered":"<p>Visitas: 12 El Instituto Veracruzano de la Cultura presenta una oferta cultural diversa durante el mes de octubre, integrada por exposiciones, conversatorios, talleres, m\u00fasica, teatro, literatura, cine y actividades de fomento a la lectura, que tendr\u00e1n lugar en su red de recintos culturales de Xalapa, Veracruz, Boca del R\u00edo, Orizaba, Papantla, Huatusco y Tlacotalpan para [&hellip;]<\/p>\n","protected":false},"author":2,"featured_media":198757,"comment_status":"open","ping_status":"open","sticky":false,"template":"","format":"standard","meta":{"footnotes":""},"categories":[238,236],"tags":[41],"class_list":{"0":"post-198754","1":"post","2":"type-post","3":"status-publish","4":"format-standard","5":"has-post-thumbnail","7":"category-veracruz","8":"category-zona-centro","9":"tag-portada"},"nelio_content":{"isAutoShareEnabled":true,"autoShareEndMode":"never","automationSources":{"useCustomSentences":false,"customSentences":[]},"followers":[],"suggestedReferences":[],"efiUrl":"","efiAlt":"","highlights":[],"permalinkQueryArgs":[],"series":[]},"_links":{"self":[{"href":"https:\/\/www.enteratever.com\/2023\/wp-json\/wp\/v2\/posts\/198754","targetHints":{"allow":["GET"]}}],"collection":[{"href":"https:\/\/www.enteratever.com\/2023\/wp-json\/wp\/v2\/posts"}],"about":[{"href":"https:\/\/www.enteratever.com\/2023\/wp-json\/wp\/v2\/types\/post"}],"author":[{"embeddable":true,"href":"https:\/\/www.enteratever.com\/2023\/wp-json\/wp\/v2\/users\/2"}],"replies":[{"embeddable":true,"href":"https:\/\/www.enteratever.com\/2023\/wp-json\/wp\/v2\/comments?post=198754"}],"version-history":[{"count":1,"href":"https:\/\/www.enteratever.com\/2023\/wp-json\/wp\/v2\/posts\/198754\/revisions"}],"predecessor-version":[{"id":198761,"href":"https:\/\/www.enteratever.com\/2023\/wp-json\/wp\/v2\/posts\/198754\/revisions\/198761"}],"wp:featuredmedia":[{"embeddable":true,"href":"https:\/\/www.enteratever.com\/2023\/wp-json\/wp\/v2\/media\/198757"}],"wp:attachment":[{"href":"https:\/\/www.enteratever.com\/2023\/wp-json\/wp\/v2\/media?parent=198754"}],"wp:term":[{"taxonomy":"category","embeddable":true,"href":"https:\/\/www.enteratever.com\/2023\/wp-json\/wp\/v2\/categories?post=198754"},{"taxonomy":"post_tag","embeddable":true,"href":"https:\/\/www.enteratever.com\/2023\/wp-json\/wp\/v2\/tags?post=198754"}],"curies":[{"name":"wp","href":"https:\/\/api.w.org\/{rel}","templated":true}]}}