{"id":198419,"date":"2023-09-25T18:58:42","date_gmt":"2023-09-26T00:58:42","guid":{"rendered":"https:\/\/www.enteratever.com\/2023\/?p=198419"},"modified":"2023-09-25T18:58:44","modified_gmt":"2023-09-26T00:58:44","slug":"sere-el-defensor-de-la-4t-en-veracruz-sergio-gutierrez-luna","status":"publish","type":"post","link":"https:\/\/www.enteratever.com\/2023\/2023\/09\/25\/sere-el-defensor-de-la-4t-en-veracruz-sergio-gutierrez-luna\/","title":{"rendered":"Ser\u00e9 el defensor de la 4T en Veracruz: Sergio Guti\u00e9rrez Luna"},"content":{"rendered":"<p>Visitas: 90<\/p>\n<p>Minatitl\u00e1n, Ver., 25 de septiembre de 2023.- Desde su tierra, con su gente, Sergio Guti\u00e9rrez Luna se registr\u00f3 digitalmente para la coordinaci\u00f3n de los comit\u00e9s de la Defensa de la Cuarta Transformaci\u00f3n en Veracruz.<\/p>\n\n\n\n<p>A las cinco de la tarde, desde la popular colonia Ruiz Cortinez, el diputado federal minatitleco, ingres\u00f3 a la plataforma oficial de Morena y cumpli\u00f3 con los requisitos marcados en la convocatoria del proceso interno.<\/p>\n\n\n\n<p>Acompa\u00f1ado de su esposa, la diputada Diana Karina Barreras Samaniego; de su mam\u00e1, Argelia Luna L\u00f3pez; su pap\u00e1, Sergio Guti\u00e9rrez Prieto; sus hijos, Sergio y V\u00edctor, as\u00ed como cientos de amigos Sergio Guti\u00e9rrez Luna dijo confiar en la encuesta a cargo del comit\u00e9 nacional.<\/p>\n\n\n\n<p>Sin contratiempos, ingres\u00f3 a la plataforma de Morena, descarg\u00f3 los formatos, llen\u00f3 la Solicitud de Inscripci\u00f3n al Sistema e incorpor\u00f3 la documentaci\u00f3n digitalizada.<\/p>\n\n\n\n<p>Al concluir, familiares y amigos de todo el sur de Veracruz presentes, y miles siguiendo la transmisi\u00f3n en vivo desde su cuenta de Facebook, manifestaron su alegr\u00eda y entusiasmo con porras, aplausos y corearon \u00abcoordinador\u2026 coordinador\u2026 jaaaarooocho, jarocho, jarocho\u00bb.<\/p>\n\n\n\n<p>Ser\u00e9 el coordinador de los Comit\u00e9s de Defensa de la Cuarta Transformaci\u00f3n en Veracruz porque tenemos el respaldo del Pueblo, tenemos equipo y tenemos propuesta; hay una percepci\u00f3n favorable hacia nuestro proyecto, el \u00fanico que encabeza un veracruzano, sostuvo Sergio Guti\u00e9rrez Luna al agradecer la presencia de sus amigos y aliados en su casa y en sus redes sociales.<\/p>\n","protected":false},"excerpt":{"rendered":"<p>Visitas: 90 Minatitl\u00e1n, Ver., 25 de septiembre de 2023.- Desde su tierra, con su gente, Sergio Guti\u00e9rrez Luna se registr\u00f3 digitalmente para la coordinaci\u00f3n de los comit\u00e9s de la Defensa de la Cuarta Transformaci\u00f3n en Veracruz. A las cinco de la tarde, desde la popular colonia Ruiz Cortinez, el diputado federal minatitleco, ingres\u00f3 a la [&hellip;]<\/p>\n","protected":false},"author":2,"featured_media":198420,"comment_status":"open","ping_status":"open","sticky":false,"template":"","format":"standard","meta":{"footnotes":""},"categories":[243,241],"tags":[41],"class_list":{"0":"post-198419","1":"post","2":"type-post","3":"status-publish","4":"format-standard","5":"has-post-thumbnail","7":"category-minatitlan","8":"category-zona-sur","9":"tag-portada"},"nelio_content":{"isAutoShareEnabled":true,"autoShareEndMode":"never","automationSources":{"useCustomSentences":false,"customSentences":[]},"followers":[],"suggestedReferences":[],"efiUrl":"","efiAlt":"","highlights":[],"permalinkQueryArgs":[],"series":[]},"_links":{"self":[{"href":"https:\/\/www.enteratever.com\/2023\/wp-json\/wp\/v2\/posts\/198419","targetHints":{"allow":["GET"]}}],"collection":[{"href":"https:\/\/www.enteratever.com\/2023\/wp-json\/wp\/v2\/posts"}],"about":[{"href":"https:\/\/www.enteratever.com\/2023\/wp-json\/wp\/v2\/types\/post"}],"author":[{"embeddable":true,"href":"https:\/\/www.enteratever.com\/2023\/wp-json\/wp\/v2\/users\/2"}],"replies":[{"embeddable":true,"href":"https:\/\/www.enteratever.com\/2023\/wp-json\/wp\/v2\/comments?post=198419"}],"version-history":[{"count":1,"href":"https:\/\/www.enteratever.com\/2023\/wp-json\/wp\/v2\/posts\/198419\/revisions"}],"predecessor-version":[{"id":198421,"href":"https:\/\/www.enteratever.com\/2023\/wp-json\/wp\/v2\/posts\/198419\/revisions\/198421"}],"wp:featuredmedia":[{"embeddable":true,"href":"https:\/\/www.enteratever.com\/2023\/wp-json\/wp\/v2\/media\/198420"}],"wp:attachment":[{"href":"https:\/\/www.enteratever.com\/2023\/wp-json\/wp\/v2\/media?parent=198419"}],"wp:term":[{"taxonomy":"category","embeddable":true,"href":"https:\/\/www.enteratever.com\/2023\/wp-json\/wp\/v2\/categories?post=198419"},{"taxonomy":"post_tag","embeddable":true,"href":"https:\/\/www.enteratever.com\/2023\/wp-json\/wp\/v2\/tags?post=198419"}],"curies":[{"name":"wp","href":"https:\/\/api.w.org\/{rel}","templated":true}]}}