{"id":198290,"date":"2023-09-22T12:30:20","date_gmt":"2023-09-22T18:30:20","guid":{"rendered":"https:\/\/www.enteratever.com\/2023\/?p=198290"},"modified":"2023-09-22T12:30:22","modified_gmt":"2023-09-22T18:30:22","slug":"ordena-ine-a-amlo-colocar-cortinilla-en-mananera-de-no-intromision-en-temas-electorales","status":"publish","type":"post","link":"https:\/\/www.enteratever.com\/2023\/2023\/09\/22\/ordena-ine-a-amlo-colocar-cortinilla-en-mananera-de-no-intromision-en-temas-electorales\/","title":{"rendered":"Ordena INE a AMLO colocar \u00bbcortinilla'\u00bb en Ma\u00f1anera de no intromisi\u00f3n en temas electorales"},"content":{"rendered":"<p>Visitas: 38<\/p>\n<p>La Comisi\u00f3n y de Quejas y Denuncias del INE orden\u00f3 al presidente Andr\u00e9s Manuel L\u00f3pez Obrador&nbsp; que al inicio de las \u201cma\u00f1aneras\u201d se coloquen cortinillas en las que se establezcan los l\u00edmites que debe tener el mandatario federal al dar sus conferencias.<\/p>\n\n\n\n<p>Esta medida se estableci\u00f3 luego de que X\u00f3chitl G\u00e1lvez present\u00f3 una queja en contra de AMLO por las manifestaciones que hizo el 7, 8 y 13 de septiembre en sus conferencias matutinas, pues esos d\u00edas L\u00f3pez Obrador habl\u00f3 sobre el triunfo de Claudia Sheinbaum para ser la coordinadora de la Defensa de la Cuarta Transformaci\u00f3n.<\/p>\n\n\n\n<p>Ante esto, el INE declar\u00f3 procedente la medida cautelar solicitada, ya que desde una \u00f3ptica preliminar son expresiones relacionadas al proceso federal 2023-2024.<\/p>\n\n\n\n<p>XEU<\/p>\n","protected":false},"excerpt":{"rendered":"<p>Visitas: 38 La Comisi\u00f3n y de Quejas y Denuncias del INE orden\u00f3 al presidente Andr\u00e9s Manuel L\u00f3pez Obrador&nbsp; que al inicio de las \u201cma\u00f1aneras\u201d se coloquen cortinillas en las que se establezcan los l\u00edmites que debe tener el mandatario federal al dar sus conferencias. Esta medida se estableci\u00f3 luego de que X\u00f3chitl G\u00e1lvez present\u00f3 una [&hellip;]<\/p>\n","protected":false},"author":2,"featured_media":187007,"comment_status":"open","ping_status":"open","sticky":false,"template":"","format":"standard","meta":{"footnotes":""},"categories":[252],"tags":[],"class_list":{"0":"post-198290","1":"post","2":"type-post","3":"status-publish","4":"format-standard","5":"has-post-thumbnail","7":"category-nacionales"},"nelio_content":{"isAutoShareEnabled":true,"autoShareEndMode":"never","automationSources":{"useCustomSentences":false,"customSentences":[]},"followers":[],"suggestedReferences":[],"efiUrl":"","efiAlt":"","highlights":[],"permalinkQueryArgs":[],"series":[]},"_links":{"self":[{"href":"https:\/\/www.enteratever.com\/2023\/wp-json\/wp\/v2\/posts\/198290","targetHints":{"allow":["GET"]}}],"collection":[{"href":"https:\/\/www.enteratever.com\/2023\/wp-json\/wp\/v2\/posts"}],"about":[{"href":"https:\/\/www.enteratever.com\/2023\/wp-json\/wp\/v2\/types\/post"}],"author":[{"embeddable":true,"href":"https:\/\/www.enteratever.com\/2023\/wp-json\/wp\/v2\/users\/2"}],"replies":[{"embeddable":true,"href":"https:\/\/www.enteratever.com\/2023\/wp-json\/wp\/v2\/comments?post=198290"}],"version-history":[{"count":1,"href":"https:\/\/www.enteratever.com\/2023\/wp-json\/wp\/v2\/posts\/198290\/revisions"}],"predecessor-version":[{"id":198293,"href":"https:\/\/www.enteratever.com\/2023\/wp-json\/wp\/v2\/posts\/198290\/revisions\/198293"}],"wp:featuredmedia":[{"embeddable":true,"href":"https:\/\/www.enteratever.com\/2023\/wp-json\/wp\/v2\/media\/187007"}],"wp:attachment":[{"href":"https:\/\/www.enteratever.com\/2023\/wp-json\/wp\/v2\/media?parent=198290"}],"wp:term":[{"taxonomy":"category","embeddable":true,"href":"https:\/\/www.enteratever.com\/2023\/wp-json\/wp\/v2\/categories?post=198290"},{"taxonomy":"post_tag","embeddable":true,"href":"https:\/\/www.enteratever.com\/2023\/wp-json\/wp\/v2\/tags?post=198290"}],"curies":[{"name":"wp","href":"https:\/\/api.w.org\/{rel}","templated":true}]}}