{"id":197801,"date":"2023-09-13T11:20:28","date_gmt":"2023-09-13T17:20:28","guid":{"rendered":"https:\/\/www.enteratever.com\/2023\/?p=197801"},"modified":"2023-09-13T11:20:31","modified_gmt":"2023-09-13T17:20:31","slug":"se-investiga-asesinato-del-delegado-de-la-fgr-en-guerrero-amlo","status":"publish","type":"post","link":"https:\/\/www.enteratever.com\/2023\/2023\/09\/13\/se-investiga-asesinato-del-delegado-de-la-fgr-en-guerrero-amlo\/","title":{"rendered":"Se investiga asesinato del delegado de la FGR en Guerrero: AMLO"},"content":{"rendered":"<p>Visitas: 27<\/p>\n<p>El presidente Andr\u00e9s Manuel L\u00f3pez Obrador inform\u00f3 este mi\u00e9rcoles que ya se investiga el asesinato de Fernando Garc\u00eda Fern\u00e1ndez, delegado de la Fiscal\u00eda General de la Rep\u00fablica (FGR) en Guerrero.<\/p>\n\n\n\n<p>En su conferencia de prensa ma\u00f1anera, L\u00f3pez Obrador explic\u00f3 que la FGR ya atrajo el caso y que ser\u00e1 dicha instituci\u00f3n quien informe sobre los avances del crimen.<\/p>\n\n\n\n<p>\u00abYa est\u00e1 la investigaci\u00f3n en curso est\u00e1 actuando la FGR, se est\u00e1 avanzando en detener a los responsables, en castigar a quienes cometieron este crimen y yo pienso que en unos d\u00edas m\u00e1s la Fiscal\u00eda va a informar sobre este hecho. No quiero adelantar ninguna hip\u00f3tesis, prefiero que sea la Fiscal\u00eda que tengo entendido atrajo el caso, que sean ellos los que den respuesta\u201d, se\u00f1al\u00f3.<\/p>\n\n\n\n<p>El presidente expres\u00f3 que se otorga protecci\u00f3n a todos los funcionarios que trabajan para garantizar la paz y la seguridad p\u00fablica en el pa\u00eds.<\/p>\n\n\n\n<p>\u00abToda la seguridad, hay protecci\u00f3n para ellos siempre, todos los que trabajan para garantizar la paz, la tranquilidad, la seguridad p\u00fablica tienen derecho a usar escoltar, a tener protecci\u00f3n. Son los \u00fanicos porque los servidores p\u00fablicos no, sol en caso de que reciban amenazas pero todos los que trabajan en tareas de seguridad tienen protecci\u00f3n, seguramente esto lo va a informar la Fiscal\u00eda General de la Rep\u00fablica\u201d, agreg\u00f3.<\/p>\n","protected":false},"excerpt":{"rendered":"<p>Visitas: 27 El presidente Andr\u00e9s Manuel L\u00f3pez Obrador inform\u00f3 este mi\u00e9rcoles que ya se investiga el asesinato de Fernando Garc\u00eda Fern\u00e1ndez, delegado de la Fiscal\u00eda General de la Rep\u00fablica (FGR) en Guerrero. En su conferencia de prensa ma\u00f1anera, L\u00f3pez Obrador explic\u00f3 que la FGR ya atrajo el caso y que ser\u00e1 dicha instituci\u00f3n quien informe [&hellip;]<\/p>\n","protected":false},"author":2,"featured_media":197803,"comment_status":"open","ping_status":"open","sticky":false,"template":"","format":"standard","meta":{"footnotes":""},"categories":[252],"tags":[],"class_list":{"0":"post-197801","1":"post","2":"type-post","3":"status-publish","4":"format-standard","5":"has-post-thumbnail","7":"category-nacionales"},"nelio_content":{"isAutoShareEnabled":true,"autoShareEndMode":"never","automationSources":{"useCustomSentences":false,"customSentences":[]},"followers":[],"suggestedReferences":[],"efiUrl":"","efiAlt":"","highlights":[],"permalinkQueryArgs":[],"series":[]},"_links":{"self":[{"href":"https:\/\/www.enteratever.com\/2023\/wp-json\/wp\/v2\/posts\/197801","targetHints":{"allow":["GET"]}}],"collection":[{"href":"https:\/\/www.enteratever.com\/2023\/wp-json\/wp\/v2\/posts"}],"about":[{"href":"https:\/\/www.enteratever.com\/2023\/wp-json\/wp\/v2\/types\/post"}],"author":[{"embeddable":true,"href":"https:\/\/www.enteratever.com\/2023\/wp-json\/wp\/v2\/users\/2"}],"replies":[{"embeddable":true,"href":"https:\/\/www.enteratever.com\/2023\/wp-json\/wp\/v2\/comments?post=197801"}],"version-history":[{"count":1,"href":"https:\/\/www.enteratever.com\/2023\/wp-json\/wp\/v2\/posts\/197801\/revisions"}],"predecessor-version":[{"id":197804,"href":"https:\/\/www.enteratever.com\/2023\/wp-json\/wp\/v2\/posts\/197801\/revisions\/197804"}],"wp:featuredmedia":[{"embeddable":true,"href":"https:\/\/www.enteratever.com\/2023\/wp-json\/wp\/v2\/media\/197803"}],"wp:attachment":[{"href":"https:\/\/www.enteratever.com\/2023\/wp-json\/wp\/v2\/media?parent=197801"}],"wp:term":[{"taxonomy":"category","embeddable":true,"href":"https:\/\/www.enteratever.com\/2023\/wp-json\/wp\/v2\/categories?post=197801"},{"taxonomy":"post_tag","embeddable":true,"href":"https:\/\/www.enteratever.com\/2023\/wp-json\/wp\/v2\/tags?post=197801"}],"curies":[{"name":"wp","href":"https:\/\/api.w.org\/{rel}","templated":true}]}}