{"id":197376,"date":"2023-09-04T10:10:14","date_gmt":"2023-09-04T16:10:14","guid":{"rendered":"https:\/\/www.enteratever.com\/2023\/?p=197376"},"modified":"2023-09-04T10:10:16","modified_gmt":"2023-09-04T16:10:16","slug":"se-ha-transformado-la-procuracion-de-justicia-en-veracruz-veronica-hernandez-giadans","status":"publish","type":"post","link":"https:\/\/www.enteratever.com\/2023\/2023\/09\/04\/se-ha-transformado-la-procuracion-de-justicia-en-veracruz-veronica-hernandez-giadans\/","title":{"rendered":"Se ha transformado la procuraci\u00f3n de justicia en Veracruz: Ver\u00f3nica Hern\u00e1ndez Giad\u00e1ns"},"content":{"rendered":"<p>Visitas: 39<\/p>\n<p>La fiscal general del estado, Ver\u00f3nica Hern\u00e1ndez Giad\u00e1ns emiti\u00f3 un mensaje a cuatro a\u00f1os de asumir el cargo en el que destaca que se ha transformado la procuraci\u00f3n de justicia en Veracruz.<\/p>\n\n\n\n<p>En una grabaci\u00f3n posteada en las redes sociales de la fiscal\u00eda manifest\u00f3:<\/p>\n\n\n\n<p>\u201cUn d\u00eda como hoy, tres de septiembre, hace cuatro a\u00f1os, Veracruz comenz\u00f3 uno de sus mayores retos: transformar la historia de la procuraci\u00f3n de justicia.<\/p>\n\n\n\n<p>Un acto de raz\u00f3n y valent\u00eda del Poder Legislativo, libera a Veracruz del obst\u00e1culo que implicaban las componendas que imperaban en la procuraci\u00f3n de justicia.<\/p>\n\n\n\n<p>La Diputaci\u00f3n Permanente de la quincuag\u00e9sima quinta legislatura de nuestro Estado, me confiri\u00f3 el alto honor de ser la primera mujer en 189 a\u00f1os, en estar al frente de la procuraci\u00f3n de justicia.<\/p>\n\n\n\n<p>Desde el primer momento, tuve claro que hab\u00eda que luchar para desterrar las viejas pr\u00e1cticas de corrupci\u00f3n, abatir la impunidad y devolver a la Fiscal\u00eda, el respeto, la credibilidad, la confianza y el brillo que nunca debi\u00f3 perder.<\/p>\n\n\n\n<p>Hoy, tras cuatro jornadas anuales de grandes esfuerzos, sacrificios, empe\u00f1o, compromisos mutuos y entrega, y en coordinaci\u00f3n con Instituciones federales, estatales y municipales, hemos logrado disminuir los alarmantes \u00edndices delictivos.<\/p>\n\n\n\n<p>En la totalidad de delitos que ocurren por entidad federativa, en el periodo enero-julio de 2023, por cada cien mil habitantes, Veracruz ocupa el lugar 26.<\/p>\n\n\n\n<p>En homicidio doloso, el lugar 19; con una disminuci\u00f3n del 51 por ciento.<\/p>\n\n\n\n<p>En feminicidio ocupamos el lugar 12, con una disminuci\u00f3n del 34 por ciento.<\/p>\n\n\n\n<p>En secuestro, Veracruz es el lugar 15 con una disminuci\u00f3n del 88 por ciento en los casos.<\/p>\n\n\n\n<p>Estos resultados son gracias al trabajo de fiscales, peritos y polic\u00edas ministeriales. Se ha logrado la desarticulaci\u00f3n de c\u00e9lulas delictivas de extorsionadores, secuestradores y de homicidas, en todo el Estado y se han obtenido sentencias ejemplares mayores a cien a\u00f1os en delitos de alto impacto.<\/p>\n\n\n\n<p>La transformaci\u00f3n de la procuraci\u00f3n de justicia es una realidad palpable y que nadie puede negar.<\/p>\n\n\n\n<p>En estos cuatro a\u00f1os, el recurso humano ha sido prioridad como estrategia central de transformaci\u00f3n.<\/p>\n\n\n\n<p>Hoy,&nbsp; las y los trabajadores de esta instituci\u00f3n, fiscales, peritos, polic\u00edas ministeriales y de apoyo administrativo, gozan de salarios dignos y prestaciones justas y proporcionales a sus importantes responsabilidades y cargas de trabajo.<\/p>\n\n\n\n<p>Hemos entregado, como nunca, equipamiento t\u00e1ctico, de oficina y veh\u00edculos a la polic\u00eda ministerial, a la Unidad Especializada en Combate al Secuestro, a Peritos y Fiscales, quienes han dado resultados ejemplares a nivel nacional\u201d.<\/p>\n\n\n\n<p>Consecuencia de una administraci\u00f3n honesta y transparente, construimos la Unidad Integral de los Servicios M\u00e9dico Forenses en Nogales, \u00fanica en su tipo en el pa\u00eds y en Latinoam\u00e9rica, as\u00ed como dos nuevos edificios en oficinas centrales, para una mejor atenci\u00f3n a nuestros usuarios.<\/p>\n\n\n\n<p>Y a lo largo de todo el estado, se han dignificado \u00e1reas de la fiscal\u00eda especializada para la atenci\u00f3n de denuncias por personas desaparecidas, semefos, as\u00ed como unidades y sub unidades integrales de procuraci\u00f3n de justicia, entre otras.<\/p>\n\n\n\n<p>Veracruz asiste en materia de procuraci\u00f3n de justicia a un cambio que nos distingue y honra. Estamos muy orgullosos de pertenecer a la Fiscal\u00eda General y de honrar todos los d\u00edas los nuevos paradigmas que rigen nuestra actuaci\u00f3n: el respeto a los derechos humanos y el deber ineludible de velar por las v\u00edctimas y sus familias<\/p>\n\n\n\n<p>Reconozco a todo el personal que integra la Fiscal\u00eda del Estado, por su entrega y vocaci\u00f3n de servicio. Por su compromiso y convicci\u00f3n para procurar justicia, pero, sobre todo, por el sacrificio m\u00e1s grande, que es la presencia y el tiempo de convivencia con sus familias.<\/p>\n\n\n\n<p>Los resultados obtenidos en estos cuatro a\u00f1os, deben motivarnos e impulsarnos a dar lo mejor de nosotros, para seguir siendo factor de estabilidad y gobernabilidad, condici\u00f3n indispensable para preservar la paz social.<\/p>\n\n\n\n<p>Con valor y firmeza, seguir\u00e9 al frente de la Fiscal\u00eda General del Estado, aplicando la pol\u00edtica de Cero Tolerancia a la impunidad, con absoluto respeto al estado de derecho, a la manera juarista, sin distingos, sin complicidades y alejada de tintes pol\u00edticos, porque estamos convencidos que no hay paz sin justicia, y no hay justicia si esta no se procura.<\/p>\n","protected":false},"excerpt":{"rendered":"<p>Visitas: 39 La fiscal general del estado, Ver\u00f3nica Hern\u00e1ndez Giad\u00e1ns emiti\u00f3 un mensaje a cuatro a\u00f1os de asumir el cargo en el que destaca que se ha transformado la procuraci\u00f3n de justicia en Veracruz. En una grabaci\u00f3n posteada en las redes sociales de la fiscal\u00eda manifest\u00f3: \u201cUn d\u00eda como hoy, tres de septiembre, hace cuatro [&hellip;]<\/p>\n","protected":false},"author":2,"featured_media":185137,"comment_status":"open","ping_status":"open","sticky":false,"template":"","format":"standard","meta":{"footnotes":""},"categories":[252],"tags":[],"class_list":{"0":"post-197376","1":"post","2":"type-post","3":"status-publish","4":"format-standard","5":"has-post-thumbnail","7":"category-nacionales"},"nelio_content":{"isAutoShareEnabled":true,"autoShareEndMode":"never","automationSources":{"useCustomSentences":false,"customSentences":[]},"followers":[],"suggestedReferences":[],"efiUrl":"","efiAlt":"","highlights":[],"permalinkQueryArgs":[],"series":[]},"_links":{"self":[{"href":"https:\/\/www.enteratever.com\/2023\/wp-json\/wp\/v2\/posts\/197376","targetHints":{"allow":["GET"]}}],"collection":[{"href":"https:\/\/www.enteratever.com\/2023\/wp-json\/wp\/v2\/posts"}],"about":[{"href":"https:\/\/www.enteratever.com\/2023\/wp-json\/wp\/v2\/types\/post"}],"author":[{"embeddable":true,"href":"https:\/\/www.enteratever.com\/2023\/wp-json\/wp\/v2\/users\/2"}],"replies":[{"embeddable":true,"href":"https:\/\/www.enteratever.com\/2023\/wp-json\/wp\/v2\/comments?post=197376"}],"version-history":[{"count":1,"href":"https:\/\/www.enteratever.com\/2023\/wp-json\/wp\/v2\/posts\/197376\/revisions"}],"predecessor-version":[{"id":197379,"href":"https:\/\/www.enteratever.com\/2023\/wp-json\/wp\/v2\/posts\/197376\/revisions\/197379"}],"wp:featuredmedia":[{"embeddable":true,"href":"https:\/\/www.enteratever.com\/2023\/wp-json\/wp\/v2\/media\/185137"}],"wp:attachment":[{"href":"https:\/\/www.enteratever.com\/2023\/wp-json\/wp\/v2\/media?parent=197376"}],"wp:term":[{"taxonomy":"category","embeddable":true,"href":"https:\/\/www.enteratever.com\/2023\/wp-json\/wp\/v2\/categories?post=197376"},{"taxonomy":"post_tag","embeddable":true,"href":"https:\/\/www.enteratever.com\/2023\/wp-json\/wp\/v2\/tags?post=197376"}],"curies":[{"name":"wp","href":"https:\/\/api.w.org\/{rel}","templated":true}]}}