{"id":197111,"date":"2023-08-29T13:41:39","date_gmt":"2023-08-29T19:41:39","guid":{"rendered":"https:\/\/www.enteratever.com\/2023\/?p=197111"},"modified":"2023-08-29T13:41:41","modified_gmt":"2023-08-29T19:41:41","slug":"el-centro-inah-sonora-inaugura-seminario-en-torno-a-su-50-aniversario","status":"publish","type":"post","link":"https:\/\/www.enteratever.com\/2023\/2023\/08\/29\/el-centro-inah-sonora-inaugura-seminario-en-torno-a-su-50-aniversario\/","title":{"rendered":"El Centro INAH Sonora inaugura seminario en torno a su 50 aniversario"},"content":{"rendered":"<p>Visitas: 29<\/p>\n<p><strong>Hermosillo, Son.-<\/strong> La Secretar\u00eda de Cultural del Gobierno de M\u00e9xico, a trav\u00e9s del Instituto Nacional de Antropolog\u00eda e Historia (INAH) y de su representaci\u00f3n estatal, inaugur\u00f3 hoy el seminario acad\u00e9mico \u201cA cincuenta a\u00f1os de la presencia del INAH en Sonora\u201d, en el marco de sus celebraciones por medio siglo de presencia en el noroeste de M\u00e9xico.<\/p>\n\n\n\n<p>El evento es coordinado por la Secci\u00f3n de Historia del Centro INAH Sonora y el Departamento de Historia y Antropolog\u00eda de la Universidad de Sonora, con el prop\u00f3sito de presentar un recuento del trabajo de las \u00e1reas de Historia y Antropolog\u00eda del Centro INAH Sonora, a cinco d\u00e9cadas de su apertura, y una reflexi\u00f3n de sus retos futuros.&nbsp;<\/p>\n\n\n\n<p>Contar\u00e1 con ponencias y presentaciones editoriales de investigadores de los Centros INAH Sonora y Sinaloa; del Centro de Estudios Hist\u00f3ricos de Regi\u00f3n y Frontera (CEHRF) de El Colegio de Sonora; de la Universidad de Sonora (Unison), la Universidad de Carolina del Norte en Chapel Hill y la Sociedad Sonorense de Historia.<\/p>\n\n\n\n<p>El pres\u00eddium de la ceremonia de inauguraci\u00f3n estuvo integrado por la titular de la Direcci\u00f3n de Estudios Hist\u00f3ricos del INAH, Delia Salazar Anaya; el director del Centro INAH Sonora, Zen\u00f3n Humberto Tiburcio Robles; y la coordinadora de la Secci\u00f3n de Historia del Centro INAH Sonora, Esperanza Donjuan Espinoza.<\/p>\n\n\n\n<p>\u201cDa gusto saber que hace 50 a\u00f1os se cre\u00f3 el Centro INAH, el cual era representante del noroeste de M\u00e9xico, siendo un espacio en el que, generalmente, se hab\u00eda estudiado mucho m\u00e1s el \u00e1rea mesoamericana y menos el norte del pa\u00eds. Para nosotros es un gusto saber que se logr\u00f3 esta consolidaci\u00f3n con los colegas historiadores que en estos d\u00edas nos van a contar la historia de su formaci\u00f3n y sus v\u00ednculos. Para m\u00ed es un acompa\u00f1amiento muy importante\u201d, expres\u00f3 Delia Salazar Anaya.<\/p>\n\n\n\n<p>En su intervenci\u00f3n, y a nombre del Centro INAH Sonora, particularmente de la Secci\u00f3n de Historia, Esperanza Donjuan invit\u00f3 a los asistentes a \u201cque nos acompa\u00f1en en estos cuatros d\u00edas, que ser\u00e1n un recuento de nuestro trabajo, ya con 50 a\u00f1os, en el cual queremos reflexionar en torno a los retos del porvenir, recordar a los que nos precedieron y el legado de quienes ya no est\u00e1n en la memoria de los sonorenses\u201d.<\/p>\n\n\n\n<p>En el evento tambi\u00e9n estuvieron la jefa del Departamento de Historia y Antropolog\u00eda de la Unison, Edna Luc\u00eda Garc\u00eda Rivera; la directora del CEHRF, Esther Padilla Calder\u00f3n; y la rectora de la Universidad de Sonora, Mar\u00eda Rita Plancarte Mart\u00ednez, quien record\u00f3 sus a\u00f1os de formaci\u00f3n en el Centro INAH Sonora, e inaugur\u00f3 formalmente el seminario.<\/p>\n\n\n\n<p>\u201cEs un honor ser sede de este seminario, celebrando al Centro INAH Sonora. En el proceso de las instituciones, en su desarrollo y devenir, no solamente se logran publicaciones, congresos y formaciones, sino que se toca el alma, el coraz\u00f3n y la vocaci\u00f3n de las y los j\u00f3venes\u201d, se\u00f1al\u00f3 la acad\u00e9mica.<\/p>\n\n\n\n<p>La modalidad del evento es h\u00edbrida, a fin de tener mayor alcance entre las y los alumnos y acad\u00e9micos del Departamento de Historia y Antropolog\u00eda de la Unison, las y los investigadores y personal del Centro INAH Sonora y quienes deseen seguir estas ponencias de manera virtual, a trav\u00e9s de la p\u00e1gina de Facebook: <a href=\"https:\/\/www.facebook.com\/CISonora\">Antropolog\u00eda e Historia en Sonora<\/a>, en la cual tambi\u00e9n se puede consultar el programa completo de actividades.<\/p>\n\n\n\n<p>Este 2023, el Centro INAH Sonora llega a su 50 aniversario y su celebraci\u00f3n se extender\u00e1 durante el a\u00f1o, con conferencias, exposiciones y eventos especiales que enriquezcan el patrimonio cultural de la entidad. Para estar pendiente de estas actividades, se invita a seguir las redes sociales de Antropolog\u00eda e Historia en Sonora: @CISonora \u2013 Facebook y X Corp.<\/p>\n","protected":false},"excerpt":{"rendered":"<p>Visitas: 29 Hermosillo, Son.- La Secretar\u00eda de Cultural del Gobierno de M\u00e9xico, a trav\u00e9s del Instituto Nacional de Antropolog\u00eda e Historia (INAH) y de su representaci\u00f3n estatal, inaugur\u00f3 hoy el seminario acad\u00e9mico \u201cA cincuenta a\u00f1os de la presencia del INAH en Sonora\u201d, en el marco de sus celebraciones por medio siglo de presencia en el [&hellip;]<\/p>\n","protected":false},"author":2,"featured_media":197114,"comment_status":"open","ping_status":"open","sticky":false,"template":"","format":"standard","meta":{"footnotes":""},"categories":[252],"tags":[],"class_list":{"0":"post-197111","1":"post","2":"type-post","3":"status-publish","4":"format-standard","5":"has-post-thumbnail","7":"category-nacionales"},"nelio_content":{"isAutoShareEnabled":true,"autoShareEndMode":"never","automationSources":{"useCustomSentences":false,"customSentences":[]},"followers":[],"suggestedReferences":[],"efiUrl":"","efiAlt":"","highlights":[],"permalinkQueryArgs":[],"series":[]},"_links":{"self":[{"href":"https:\/\/www.enteratever.com\/2023\/wp-json\/wp\/v2\/posts\/197111","targetHints":{"allow":["GET"]}}],"collection":[{"href":"https:\/\/www.enteratever.com\/2023\/wp-json\/wp\/v2\/posts"}],"about":[{"href":"https:\/\/www.enteratever.com\/2023\/wp-json\/wp\/v2\/types\/post"}],"author":[{"embeddable":true,"href":"https:\/\/www.enteratever.com\/2023\/wp-json\/wp\/v2\/users\/2"}],"replies":[{"embeddable":true,"href":"https:\/\/www.enteratever.com\/2023\/wp-json\/wp\/v2\/comments?post=197111"}],"version-history":[{"count":1,"href":"https:\/\/www.enteratever.com\/2023\/wp-json\/wp\/v2\/posts\/197111\/revisions"}],"predecessor-version":[{"id":197116,"href":"https:\/\/www.enteratever.com\/2023\/wp-json\/wp\/v2\/posts\/197111\/revisions\/197116"}],"wp:featuredmedia":[{"embeddable":true,"href":"https:\/\/www.enteratever.com\/2023\/wp-json\/wp\/v2\/media\/197114"}],"wp:attachment":[{"href":"https:\/\/www.enteratever.com\/2023\/wp-json\/wp\/v2\/media?parent=197111"}],"wp:term":[{"taxonomy":"category","embeddable":true,"href":"https:\/\/www.enteratever.com\/2023\/wp-json\/wp\/v2\/categories?post=197111"},{"taxonomy":"post_tag","embeddable":true,"href":"https:\/\/www.enteratever.com\/2023\/wp-json\/wp\/v2\/tags?post=197111"}],"curies":[{"name":"wp","href":"https:\/\/api.w.org\/{rel}","templated":true}]}}