{"id":195955,"date":"2023-08-07T16:09:03","date_gmt":"2023-08-07T22:09:03","guid":{"rendered":"https:\/\/www.enteratever.com\/2023\/?p=195955"},"modified":"2023-08-07T16:09:05","modified_gmt":"2023-08-07T22:09:05","slug":"eric-cisneros-si-acato-cuitlahuac-llama-a-sus-seguidores-a-no-hacerle-promocion","status":"publish","type":"post","link":"https:\/\/www.enteratever.com\/2023\/2023\/08\/07\/eric-cisneros-si-acato-cuitlahuac-llama-a-sus-seguidores-a-no-hacerle-promocion\/","title":{"rendered":"&#8216;Eric Cisneros s\u00ed acat\u00f3&#8217;; Cuitl\u00e1huac llama a sus seguidores a no hacerle promoci\u00f3n"},"content":{"rendered":"<p>Visitas: 26<\/p>\n<p>El gobernador de Veracruz, Cuitl\u00e1huac Garc\u00eda Jim\u00e9nez, defendi\u00f3 al secretario de Gobierno, Eric Cisneros Burgos, al afirmar que s\u00ed acat\u00f3 el llamado del presidente Andr\u00e9s Manuel L\u00f3pez Obrador de evitar promocionar su imagen.<\/p>\n\n\n\n<p>Lo anterior luego de que nuevamente fue exhibido en la conferencia matutina del Presidente que le recomend\u00f3 renunciar si busca un cargo de elecci\u00f3n popular.&nbsp;<\/p>\n\n\n\n<p>Al respecto, el gobernador acus\u00f3 que existe un intento por afectar a su colaborador pues este ya ha dicho que no aspira al cargo de Gobernador de Veracruz y que por tanto no tiene por qu\u00e9 renunciar.<\/p>\n\n\n\n<p>A\u00fan as\u00ed, dijo que coincide con el presidente y que no deber\u00eda promocionar su imagen por lo que le recomend\u00f3 pedirle a sus adeptos \u201cque no lo ayuden\u201d.<\/p>\n\n\n\n<p>\u201cCoincido con el Presidente, no se ve bien que haga esa promoci\u00f3n personal, ya sea que sea \u00e9l o alguien adepto a \u00e9l, no le ayudan, decirle que si quieren beneficiarlo no lo ayudan mucho porque lo ventanean a cada rato en la ma\u00f1anera.<\/p>\n\n\n\n<p>Tiene que hablar con la gente y decirle \u2018ya no me ayudes, compare\u2019 porque ya fue tema otra vez de la ma\u00f1anera\u201d<\/p>\n\n\n\n<p>XEU<\/p>\n","protected":false},"excerpt":{"rendered":"<p>Visitas: 26 El gobernador de Veracruz, Cuitl\u00e1huac Garc\u00eda Jim\u00e9nez, defendi\u00f3 al secretario de Gobierno, Eric Cisneros Burgos, al afirmar que s\u00ed acat\u00f3 el llamado del presidente Andr\u00e9s Manuel L\u00f3pez Obrador de evitar promocionar su imagen. Lo anterior luego de que nuevamente fue exhibido en la conferencia matutina del Presidente que le recomend\u00f3 renunciar si busca [&hellip;]<\/p>\n","protected":false},"author":2,"featured_media":186746,"comment_status":"open","ping_status":"open","sticky":false,"template":"","format":"standard","meta":{"footnotes":""},"categories":[252],"tags":[],"class_list":{"0":"post-195955","1":"post","2":"type-post","3":"status-publish","4":"format-standard","5":"has-post-thumbnail","7":"category-nacionales"},"nelio_content":{"isAutoShareEnabled":true,"autoShareEndMode":"never","automationSources":{"useCustomSentences":false,"customSentences":[]},"followers":[],"suggestedReferences":[],"efiUrl":"","efiAlt":"","highlights":[],"permalinkQueryArgs":[],"series":[]},"_links":{"self":[{"href":"https:\/\/www.enteratever.com\/2023\/wp-json\/wp\/v2\/posts\/195955","targetHints":{"allow":["GET"]}}],"collection":[{"href":"https:\/\/www.enteratever.com\/2023\/wp-json\/wp\/v2\/posts"}],"about":[{"href":"https:\/\/www.enteratever.com\/2023\/wp-json\/wp\/v2\/types\/post"}],"author":[{"embeddable":true,"href":"https:\/\/www.enteratever.com\/2023\/wp-json\/wp\/v2\/users\/2"}],"replies":[{"embeddable":true,"href":"https:\/\/www.enteratever.com\/2023\/wp-json\/wp\/v2\/comments?post=195955"}],"version-history":[{"count":1,"href":"https:\/\/www.enteratever.com\/2023\/wp-json\/wp\/v2\/posts\/195955\/revisions"}],"predecessor-version":[{"id":195956,"href":"https:\/\/www.enteratever.com\/2023\/wp-json\/wp\/v2\/posts\/195955\/revisions\/195956"}],"wp:featuredmedia":[{"embeddable":true,"href":"https:\/\/www.enteratever.com\/2023\/wp-json\/wp\/v2\/media\/186746"}],"wp:attachment":[{"href":"https:\/\/www.enteratever.com\/2023\/wp-json\/wp\/v2\/media?parent=195955"}],"wp:term":[{"taxonomy":"category","embeddable":true,"href":"https:\/\/www.enteratever.com\/2023\/wp-json\/wp\/v2\/categories?post=195955"},{"taxonomy":"post_tag","embeddable":true,"href":"https:\/\/www.enteratever.com\/2023\/wp-json\/wp\/v2\/tags?post=195955"}],"curies":[{"name":"wp","href":"https:\/\/api.w.org\/{rel}","templated":true}]}}