{"id":194652,"date":"2023-07-13T08:22:54","date_gmt":"2023-07-13T14:22:54","guid":{"rendered":"https:\/\/www.enteratever.com\/2023\/?p=194652"},"modified":"2023-07-13T08:22:56","modified_gmt":"2023-07-13T14:22:56","slug":"invitan-a-conductores-a-participar-en-la-clinica-seguridad-y-cultura-vial-para-motociclistas","status":"publish","type":"post","link":"https:\/\/www.enteratever.com\/2023\/2023\/07\/13\/invitan-a-conductores-a-participar-en-la-clinica-seguridad-y-cultura-vial-para-motociclistas\/","title":{"rendered":"Invitan a conductores a participar en la \u201cCl\u00ednica; seguridad y cultura vial para motociclistas\u201d"},"content":{"rendered":"<p>Visitas: 16<\/p>\n<p>Con la finalidad de crear conciencia vial en los motociclistas de la regi\u00f3n sur de Veracruz, el Ayuntamiento de Coatzacoalcos que preside Amado Cruz Malpica brindaran un curso denominado \u201cCl\u00ednica; seguridad y cultura vial para motociclistas\u201d, con el objetivo de reducir accidentes y fallecimientos por la falta de cultura vial.<\/p>\n\n\n\n<p>El evento se realizar\u00e1 el proximo 14 de julio en punto de las 17:00 horas en las instalaciones de la Expo Feria Coatzacoalcos, donde se espera la participaci\u00f3n de mas de 200 conductores de empresas, clubes y ciudadan\u00eda en general. Adem\u00e1s, es importante asistir con cascos, para que sea colocada una insignia de acreditaci\u00f3n por su participaci\u00f3n.<\/p>\n\n\n\n<p>Estas platicas de prevenci\u00f3n ser\u00e1n impartidas por Tr\u00e1nsito del Estado, Protecci\u00f3n Civil Municipal y personal del M\u00f3dulo de Licencias, quienes proporcionar\u00e1n informaci\u00f3n de zonas de riesgo, equipo de seguridad, tr\u00e1mites, entre otros.<\/p>\n\n\n\n<p>Para dar a conocer este evento estuvieron presentes: Francisco Javier de la Cruz, director de la Asociaci\u00f3n Mundial De Rescate Ambiental Y Social (AMRAS); Erika Burgos, vicepresidente de Moto Club Guerreros Minatitl\u00e1n y en representaci\u00f3n de Keren Prot, Mariano L\u00f3pez Guerra como Enlace De Gobierno Con Asociaciones Civiles Y Grupos Vuln\u00e9rales.<\/p>\n","protected":false},"excerpt":{"rendered":"<p>Visitas: 16 Con la finalidad de crear conciencia vial en los motociclistas de la regi\u00f3n sur de Veracruz, el Ayuntamiento de Coatzacoalcos que preside Amado Cruz Malpica brindaran un curso denominado \u201cCl\u00ednica; seguridad y cultura vial para motociclistas\u201d, con el objetivo de reducir accidentes y fallecimientos por la falta de cultura vial. El evento se [&hellip;]<\/p>\n","protected":false},"author":2,"featured_media":194655,"comment_status":"open","ping_status":"open","sticky":false,"template":"","format":"standard","meta":{"footnotes":""},"categories":[242,241],"tags":[],"class_list":{"0":"post-194652","1":"post","2":"type-post","3":"status-publish","4":"format-standard","5":"has-post-thumbnail","7":"category-coatzacoalcos","8":"category-zona-sur"},"nelio_content":{"isAutoShareEnabled":true,"autoShareEndMode":"never","automationSources":{"useCustomSentences":false,"customSentences":[]},"followers":[],"suggestedReferences":[],"efiUrl":"","efiAlt":"","highlights":[],"permalinkQueryArgs":[],"series":[]},"_links":{"self":[{"href":"https:\/\/www.enteratever.com\/2023\/wp-json\/wp\/v2\/posts\/194652","targetHints":{"allow":["GET"]}}],"collection":[{"href":"https:\/\/www.enteratever.com\/2023\/wp-json\/wp\/v2\/posts"}],"about":[{"href":"https:\/\/www.enteratever.com\/2023\/wp-json\/wp\/v2\/types\/post"}],"author":[{"embeddable":true,"href":"https:\/\/www.enteratever.com\/2023\/wp-json\/wp\/v2\/users\/2"}],"replies":[{"embeddable":true,"href":"https:\/\/www.enteratever.com\/2023\/wp-json\/wp\/v2\/comments?post=194652"}],"version-history":[{"count":1,"href":"https:\/\/www.enteratever.com\/2023\/wp-json\/wp\/v2\/posts\/194652\/revisions"}],"predecessor-version":[{"id":194660,"href":"https:\/\/www.enteratever.com\/2023\/wp-json\/wp\/v2\/posts\/194652\/revisions\/194660"}],"wp:featuredmedia":[{"embeddable":true,"href":"https:\/\/www.enteratever.com\/2023\/wp-json\/wp\/v2\/media\/194655"}],"wp:attachment":[{"href":"https:\/\/www.enteratever.com\/2023\/wp-json\/wp\/v2\/media?parent=194652"}],"wp:term":[{"taxonomy":"category","embeddable":true,"href":"https:\/\/www.enteratever.com\/2023\/wp-json\/wp\/v2\/categories?post=194652"},{"taxonomy":"post_tag","embeddable":true,"href":"https:\/\/www.enteratever.com\/2023\/wp-json\/wp\/v2\/tags?post=194652"}],"curies":[{"name":"wp","href":"https:\/\/api.w.org\/{rel}","templated":true}]}}