{"id":194221,"date":"2023-07-03T10:04:08","date_gmt":"2023-07-03T16:04:08","guid":{"rendered":"https:\/\/www.enteratever.com\/2023\/?p=194221"},"modified":"2023-07-03T10:04:11","modified_gmt":"2023-07-03T16:04:11","slug":"coatzacoalcos-cumple-112-anos-como-ciudad","status":"publish","type":"post","link":"https:\/\/www.enteratever.com\/2023\/2023\/07\/03\/coatzacoalcos-cumple-112-anos-como-ciudad\/","title":{"rendered":"Coatzacoalcos cumple 112 a\u00f1os como ciudad"},"content":{"rendered":"<p>Visitas: 24<\/p>\n<p>Este 01 de julio, Coatzacoalcos conmemora el 112 aniversario como ciudad, tiempo en el que ha tenido un desarrollo econ\u00f3mico, industrial, portuario y comercial que lo posiciona como el municipio m\u00e1s grande del sur de Veracruz y un lugar con pasado y futuro prometedor.<\/p>\n\n\n\n<p>A m\u00e1s de cien a\u00f1os, el potencial geogr\u00e1fico de la ciudad lo ubica como punto neur\u00e1lgico para el desarrollo del Corredor Interoce\u00e1nico del Istmo de Tehuantepec, con la instalaci\u00f3n de dos parques industriales que impulsar\u00e1n y reactivar\u00e1n la econom\u00eda de la localidad y la regi\u00f3n.<\/p>\n\n\n\n<p>Desde el 01 de julio de 1911 en que se emiti\u00f3 el Decreto 14, en el cual se elev\u00f3 de Villa de Puerto M\u00e9xico a ciudad, han sucedido acontecimientos hist\u00f3ricos que marcaron la vida social de las familias porte\u00f1as y de quienes, aprovechando la bonanza petrolera, han hecho de este lugar un nuevo hogar.<\/p>\n\n\n\n<p>Tan solo basta mencionar que en 1935 se inici\u00f3 la construcci\u00f3n del Ferrocarril del Sureste; en 1936 se devolvi\u00f3 a esta ciudad el nombre de Coatzacoalcos; en 1957 se comenz\u00f3 el puente que cruza el r\u00edo por la isla Pajaritos; en 1964 inician los trabajos de la Planta de Tetraetilo de M\u00e9xico, S.A.<\/p>\n\n\n\n<p>En 1967 se inaugura el complejo petroqu\u00edmico \u2018Pajaritos\u2019; en 1976 entra en operaci\u00f3n el complejo petroqu\u00edmico \u2018La Cangrejera\u2019; en 1984 inician las obras del acueducto \u2018Yuribia\u2019; y en 1988 arranca la edificaci\u00f3n del Paseo Puerto M\u00e9xico (Malec\u00f3n Costero) de Manuel \u00c1vila Camacho hasta Independencia.<\/p>\n\n\n\n<p>Cabe hacer menci\u00f3n que, el 22 de diciembre de 1881, por Decreto 118, se cre\u00f3 Coatzacoalcos con la localidad de San Jos\u00e9 Puerto M\u00e9xico de este como cabecera y la congregaci\u00f3n de Tonal\u00e1 segregada de Minatitl\u00e1n. Su primer Ayuntamiento presidido por Ambrosio Solorza entr\u00f3 en funciones en la \u00faltima semana de 1882.<\/p>\n\n\n\n<p>Es importante destacar que este 02 de julio tambi\u00e9n se conmemorar\u00e1 el 123 aniversario de la elevaci\u00f3n de Coatzacoalcos de Congregaci\u00f3n a Villa, por Decreto Oficial n\u00famero 10 del a\u00f1o 1900.<\/p>\n\n\n\n<p>Actualmente, a mitad de a\u00f1o, el Gobierno Municipal en turno realiza una Sesi\u00f3n P\u00fablica Solemne de Cabildo para reafirmar el compromiso social e institucional y honrar el recuerdo de quienes fueron los primeros fundadores e impulsores de un territorio en ciernes.<\/p>\n","protected":false},"excerpt":{"rendered":"<p>Visitas: 24 Este 01 de julio, Coatzacoalcos conmemora el 112 aniversario como ciudad, tiempo en el que ha tenido un desarrollo econ\u00f3mico, industrial, portuario y comercial que lo posiciona como el municipio m\u00e1s grande del sur de Veracruz y un lugar con pasado y futuro prometedor. A m\u00e1s de cien a\u00f1os, el potencial geogr\u00e1fico de [&hellip;]<\/p>\n","protected":false},"author":2,"featured_media":194222,"comment_status":"open","ping_status":"open","sticky":false,"template":"","format":"standard","meta":{"footnotes":""},"categories":[242,241],"tags":[41],"class_list":{"0":"post-194221","1":"post","2":"type-post","3":"status-publish","4":"format-standard","5":"has-post-thumbnail","7":"category-coatzacoalcos","8":"category-zona-sur","9":"tag-portada"},"nelio_content":{"isAutoShareEnabled":true,"autoShareEndMode":"never","automationSources":{"useCustomSentences":false,"customSentences":[]},"followers":[],"suggestedReferences":[],"efiUrl":"","efiAlt":"","highlights":[],"permalinkQueryArgs":[],"series":[]},"_links":{"self":[{"href":"https:\/\/www.enteratever.com\/2023\/wp-json\/wp\/v2\/posts\/194221","targetHints":{"allow":["GET"]}}],"collection":[{"href":"https:\/\/www.enteratever.com\/2023\/wp-json\/wp\/v2\/posts"}],"about":[{"href":"https:\/\/www.enteratever.com\/2023\/wp-json\/wp\/v2\/types\/post"}],"author":[{"embeddable":true,"href":"https:\/\/www.enteratever.com\/2023\/wp-json\/wp\/v2\/users\/2"}],"replies":[{"embeddable":true,"href":"https:\/\/www.enteratever.com\/2023\/wp-json\/wp\/v2\/comments?post=194221"}],"version-history":[{"count":1,"href":"https:\/\/www.enteratever.com\/2023\/wp-json\/wp\/v2\/posts\/194221\/revisions"}],"predecessor-version":[{"id":194223,"href":"https:\/\/www.enteratever.com\/2023\/wp-json\/wp\/v2\/posts\/194221\/revisions\/194223"}],"wp:featuredmedia":[{"embeddable":true,"href":"https:\/\/www.enteratever.com\/2023\/wp-json\/wp\/v2\/media\/194222"}],"wp:attachment":[{"href":"https:\/\/www.enteratever.com\/2023\/wp-json\/wp\/v2\/media?parent=194221"}],"wp:term":[{"taxonomy":"category","embeddable":true,"href":"https:\/\/www.enteratever.com\/2023\/wp-json\/wp\/v2\/categories?post=194221"},{"taxonomy":"post_tag","embeddable":true,"href":"https:\/\/www.enteratever.com\/2023\/wp-json\/wp\/v2\/tags?post=194221"}],"curies":[{"name":"wp","href":"https:\/\/api.w.org\/{rel}","templated":true}]}}