{"id":193848,"date":"2023-06-26T12:48:35","date_gmt":"2023-06-26T18:48:35","guid":{"rendered":"https:\/\/www.enteratever.com\/2023\/?p=193848"},"modified":"2023-06-26T12:48:37","modified_gmt":"2023-06-26T18:48:37","slug":"ue-teme-insuficiencia-de-fondos-para-sus-objetivos-climaticos","status":"publish","type":"post","link":"https:\/\/www.enteratever.com\/2023\/2023\/06\/26\/ue-teme-insuficiencia-de-fondos-para-sus-objetivos-climaticos\/","title":{"rendered":"UE teme insuficiencia de fondos para sus objetivos clim\u00e1ticos"},"content":{"rendered":"<p>Visitas: 23<\/p>\n<p>El Tribunal de Cuentas de la Uni\u00f3n Europea advirti\u00f3 el lunes que podr\u00eda no haber fondos suficientes para cumplir los ambiciosos objetivos clim\u00e1ticos del bloque.<\/p>\n\n\n\n<p>El Tribunal de Cuentas \u2014la instituci\u00f3n encargada de la fiscalizaci\u00f3n y el control de las cuentas de la UE\u2014 hace la advertencia en un momento en que el bloque de 27 pa\u00edses miembros batalla por mantener su imagen de l\u00edder mundial en la consecuci\u00f3n de la neutralidad clim\u00e1tica, debido a la lucha pol\u00edtica en el poder legislativo de la UE para impulsar medidas de protecci\u00f3n ambiental.<\/p>\n\n\n\n<p>En un informe de 63 p\u00e1ginas, el tribunal tambi\u00e9n se\u00f1al\u00f3 que la Comisi\u00f3n Europea, brazo ejecutivo de la UE, no incluy\u00f3 todas las emisiones de gases de efecto invernadero en sus c\u00e1lculos, lo que podr\u00eda dar lugar a estad\u00edsticas demasiado optimistas. Los autores del documento tambi\u00e9n consideran demasiado opaca parte de la contabilidad de la comisi\u00f3n.<\/p>\n\n\n\n<p>En cuanto a su conclusi\u00f3n sobre la financiaci\u00f3n, el tribunal detall\u00f3 que 30% del presupuesto de 2021-2027 deb\u00eda destinarse a medidas a favor del medio ambiente, es decir, unos 87.000 millones de euros (95.000 millones de d\u00f3lares) al a\u00f1o.<\/p>\n\n\n\n<p>\u201cEsta cantidad es inferior al 10% de la inversi\u00f3n total necesaria para alcanzar los objetivos de 2030, estimada en alrededor de 1 bill\u00f3n de euros al a\u00f1o\u201d, se\u00f1ala el informe.<\/p>\n\n\n\n<p>Los auditores se quejaron de no tener \u201cinformaci\u00f3n de que se vaya a disponer de fondos suficiente para alcanzar los objetivos de 2030, en particular del sector privado\u201d.<\/p>\n\n\n\n<p>La comisi\u00f3n tambi\u00e9n inform\u00f3 que los Estados miembros carecen de ambici\u00f3n colectiva para alcanzar el objetivo de eficiencia energ\u00e9tica para 2030, que ya hab\u00eda demostrado ser el m\u00e1s dif\u00edcil de alcanzar para 2020.<\/p>\n\n\n\n<p>Los auditores se\u00f1alaron que los objetivos para 2030 son mucho m\u00e1s ambiciosos y afirmaron \u201chaber encontrado hasta ahora pocos indicios de que esta ambici\u00f3n se traduzca en medidas suficientes\u201d.<\/p>\n\n\n\n<p>Esto pone a la UE en una situaci\u00f3n dif\u00edcil. El martes, el Parlamento Europeo tiene prevista una votaci\u00f3n en comisi\u00f3n sobre un plan de restauraci\u00f3n de la naturaleza que ha dividido profundamente al bloque. El plan forma parte de un proyecto mucho m\u00e1s amplio para que la UE sea clim\u00e1ticamente neutra para 2050.<\/p>\n\n\n\n<p>AP<\/p>\n","protected":false},"excerpt":{"rendered":"<p>Visitas: 23 El Tribunal de Cuentas de la Uni\u00f3n Europea advirti\u00f3 el lunes que podr\u00eda no haber fondos suficientes para cumplir los ambiciosos objetivos clim\u00e1ticos del bloque. El Tribunal de Cuentas \u2014la instituci\u00f3n encargada de la fiscalizaci\u00f3n y el control de las cuentas de la UE\u2014 hace la advertencia en un momento en que el [&hellip;]<\/p>\n","protected":false},"author":2,"featured_media":193849,"comment_status":"open","ping_status":"open","sticky":false,"template":"","format":"standard","meta":{"footnotes":""},"categories":[251],"tags":[],"class_list":{"0":"post-193848","1":"post","2":"type-post","3":"status-publish","4":"format-standard","5":"has-post-thumbnail","7":"category-internacionales"},"nelio_content":{"isAutoShareEnabled":true,"autoShareEndMode":"never","automationSources":{"useCustomSentences":false,"customSentences":[]},"followers":[],"suggestedReferences":[],"efiUrl":"","efiAlt":"","highlights":[],"permalinkQueryArgs":[],"series":[]},"_links":{"self":[{"href":"https:\/\/www.enteratever.com\/2023\/wp-json\/wp\/v2\/posts\/193848","targetHints":{"allow":["GET"]}}],"collection":[{"href":"https:\/\/www.enteratever.com\/2023\/wp-json\/wp\/v2\/posts"}],"about":[{"href":"https:\/\/www.enteratever.com\/2023\/wp-json\/wp\/v2\/types\/post"}],"author":[{"embeddable":true,"href":"https:\/\/www.enteratever.com\/2023\/wp-json\/wp\/v2\/users\/2"}],"replies":[{"embeddable":true,"href":"https:\/\/www.enteratever.com\/2023\/wp-json\/wp\/v2\/comments?post=193848"}],"version-history":[{"count":1,"href":"https:\/\/www.enteratever.com\/2023\/wp-json\/wp\/v2\/posts\/193848\/revisions"}],"predecessor-version":[{"id":193851,"href":"https:\/\/www.enteratever.com\/2023\/wp-json\/wp\/v2\/posts\/193848\/revisions\/193851"}],"wp:featuredmedia":[{"embeddable":true,"href":"https:\/\/www.enteratever.com\/2023\/wp-json\/wp\/v2\/media\/193849"}],"wp:attachment":[{"href":"https:\/\/www.enteratever.com\/2023\/wp-json\/wp\/v2\/media?parent=193848"}],"wp:term":[{"taxonomy":"category","embeddable":true,"href":"https:\/\/www.enteratever.com\/2023\/wp-json\/wp\/v2\/categories?post=193848"},{"taxonomy":"post_tag","embeddable":true,"href":"https:\/\/www.enteratever.com\/2023\/wp-json\/wp\/v2\/tags?post=193848"}],"curies":[{"name":"wp","href":"https:\/\/api.w.org\/{rel}","templated":true}]}}