{"id":193660,"date":"2023-06-22T12:14:40","date_gmt":"2023-06-22T18:14:40","guid":{"rendered":"https:\/\/www.enteratever.com\/2023\/?p=193660"},"modified":"2023-06-22T12:14:42","modified_gmt":"2023-06-22T18:14:42","slug":"amlo-asegura-que-nadie-se-va-a-quedar-sin-luz-ante-ola-de-calor","status":"publish","type":"post","link":"https:\/\/www.enteratever.com\/2023\/2023\/06\/22\/amlo-asegura-que-nadie-se-va-a-quedar-sin-luz-ante-ola-de-calor\/","title":{"rendered":"AMLO asegura que nadie se va a quedar sin luz ante ola de calor"},"content":{"rendered":"<p>Visitas: 18<\/p>\n<p>Ante la ola de calor que se registra en el pa\u00eds, el presidente Andr\u00e9s Manuel L\u00f3pez Obrador asegur\u00f3 que ninguna persona se quedar\u00e1 sin energ\u00eda el\u00e9ctrica pues se cuentan con reservas de energ\u00eda.<\/p>\n\n\n\n<p>\u201cDecirle a la gente que no se van a quedar sin luz, estamos pendientes sabemos que aun con el calor m\u00e1s consumo de energ\u00eda el\u00e9ctrica, tenemos reserva\u201d.<\/p>\n\n\n\n<p>En la ma\u00f1anera, el mandatario dijo que estas reservas se han logrado por el cambio en la pol\u00edtica energ\u00e9tica que llev\u00f3 acabo su administraci\u00f3n.<\/p>\n\n\n\n<p>\u00abTodo esto se debe al cambio porque si hubiesen continuado los mismos, entonces s\u00ed el precio de la luz estar\u00eda por las nubes y el mercado el\u00e9ctrico manejado por particulares, que solo buscan la ganancia y el lucro\u201d.<\/p>\n\n\n\n<p>XEU<\/p>\n","protected":false},"excerpt":{"rendered":"<p>Visitas: 18 Ante la ola de calor que se registra en el pa\u00eds, el presidente Andr\u00e9s Manuel L\u00f3pez Obrador asegur\u00f3 que ninguna persona se quedar\u00e1 sin energ\u00eda el\u00e9ctrica pues se cuentan con reservas de energ\u00eda. \u201cDecirle a la gente que no se van a quedar sin luz, estamos pendientes sabemos que aun con el calor [&hellip;]<\/p>\n","protected":false},"author":2,"featured_media":184586,"comment_status":"open","ping_status":"open","sticky":false,"template":"","format":"standard","meta":{"footnotes":""},"categories":[252],"tags":[],"class_list":{"0":"post-193660","1":"post","2":"type-post","3":"status-publish","4":"format-standard","5":"has-post-thumbnail","7":"category-nacionales"},"nelio_content":{"isAutoShareEnabled":true,"autoShareEndMode":"never","automationSources":{"useCustomSentences":false,"customSentences":[]},"followers":[],"suggestedReferences":[],"efiUrl":"","efiAlt":"","highlights":[],"permalinkQueryArgs":[],"series":[]},"_links":{"self":[{"href":"https:\/\/www.enteratever.com\/2023\/wp-json\/wp\/v2\/posts\/193660","targetHints":{"allow":["GET"]}}],"collection":[{"href":"https:\/\/www.enteratever.com\/2023\/wp-json\/wp\/v2\/posts"}],"about":[{"href":"https:\/\/www.enteratever.com\/2023\/wp-json\/wp\/v2\/types\/post"}],"author":[{"embeddable":true,"href":"https:\/\/www.enteratever.com\/2023\/wp-json\/wp\/v2\/users\/2"}],"replies":[{"embeddable":true,"href":"https:\/\/www.enteratever.com\/2023\/wp-json\/wp\/v2\/comments?post=193660"}],"version-history":[{"count":1,"href":"https:\/\/www.enteratever.com\/2023\/wp-json\/wp\/v2\/posts\/193660\/revisions"}],"predecessor-version":[{"id":193661,"href":"https:\/\/www.enteratever.com\/2023\/wp-json\/wp\/v2\/posts\/193660\/revisions\/193661"}],"wp:featuredmedia":[{"embeddable":true,"href":"https:\/\/www.enteratever.com\/2023\/wp-json\/wp\/v2\/media\/184586"}],"wp:attachment":[{"href":"https:\/\/www.enteratever.com\/2023\/wp-json\/wp\/v2\/media?parent=193660"}],"wp:term":[{"taxonomy":"category","embeddable":true,"href":"https:\/\/www.enteratever.com\/2023\/wp-json\/wp\/v2\/categories?post=193660"},{"taxonomy":"post_tag","embeddable":true,"href":"https:\/\/www.enteratever.com\/2023\/wp-json\/wp\/v2\/tags?post=193660"}],"curies":[{"name":"wp","href":"https:\/\/api.w.org\/{rel}","templated":true}]}}