{"id":193213,"date":"2023-06-16T11:15:21","date_gmt":"2023-06-16T17:15:21","guid":{"rendered":"https:\/\/www.enteratever.com\/2023\/?p=193213"},"modified":"2023-06-16T11:15:28","modified_gmt":"2023-06-16T17:15:28","slug":"se-cumplen-71-anos-del-descubrimiento-de-la-tumba-de-pakal-el-grande-en-palenque","status":"publish","type":"post","link":"https:\/\/www.enteratever.com\/2023\/2023\/06\/16\/se-cumplen-71-anos-del-descubrimiento-de-la-tumba-de-pakal-el-grande-en-palenque\/","title":{"rendered":"Se cumplen 71 a\u00f1os del descubrimiento de la tumba de Pakal \u2018el Grande\u2019, en Palenque"},"content":{"rendered":"<p>Visitas: 59<\/p>\n<p>En la cultura popular, la arqueolog\u00eda es, a menudo, mostrada desde grandes y misteriosos descubrimientos en templos y pir\u00e1mides de la antig\u00fcedad. Y aunque existen enormes diferencias entre lo que narran los libros o muestran las pantallas, y la aplicaci\u00f3n cient\u00edfica de dicha disciplina, hallazgos como el de la tumba de K\u2019inich Janaab\u2019 Pakal, en Palenque, Chiapas, no carecen de episodios que rozan lo maravilloso.<\/p>\n\n\n\n<p>Hace 71 a\u00f1os, el 15 de junio de 1952, y luego de meses de arduo trabajo en el retiro del escombro que sellaba la entrada al sitio de reposo del antiguo jerarca maya, un equipo de especialistas, a cargo del arque\u00f3logo Alberto Ruz L\u2019huillier, liber\u00f3 por fin la losa triangular que anteced\u00eda a la cripta y al sarc\u00f3fago de Pakal \u2018el Grande\u2019.<\/p>\n\n\n\n<p>En ese punto, casi 20 metros debajo del acceso del Templo de las Inscripciones de Palenque, zona arqueol\u00f3gica bajo la administraci\u00f3n de la Secretar\u00eda de Cultura del Gobierno de M\u00e9xico, a trav\u00e9s del Instituto Nacional de Antropolog\u00eda e Historia (INAH), los investigadores ya hab\u00edan recibido pistas de la importancia de lo que yac\u00eda frente a ellos bajo la forma de un conjunto de restos humanos recubiertos con cal y cinabrio.<\/p>\n\n\n\n<p>As\u00ed, con el coraz\u00f3n trepidante y la mirada agudizada, el arque\u00f3logo Alberto Ruz se introdujo ese d\u00eda en una b\u00f3veda que ning\u00fan ser humano hab\u00eda recorrido desde el 28 de agosto de 683 d.C., cuando el cuerpo del rey Pakal fue fastuosamente colocado en su mausoleo.<\/p>\n\n\n\n<p>Inici\u00f3 entonces un registro cuidadoso de la impactante b\u00f3veda prehisp\u00e1nica, la cual est\u00e1 adornada con nueve relieves estucados que representan a los dioses del inframundo maya quienes acompa\u00f1an al gobernante en su tr\u00e1nsito por el submundo.<\/p>\n\n\n\n<p>Un elemento m\u00e1s que fue analizado con detalle fue el sarc\u00f3fago de Pakal, un monumento rectangular \u2013de 3.80 metros de largo por 2.20 metros de ancho y 25 cent\u00edmetros de espesor\u2013 que conten\u00eda elaborados jerogl\u00edficos en sus caras externas y en sus cantos.<\/p>\n\n\n\n<p>Los textos de esta l\u00e1pida narran la vida terrenal de Pakal y de sus ancestros, as\u00ed como su renacimiento y ascenso al plano celestial, ataviado como deidad del ma\u00edz, desde las fauces del animal cosmog\u00f3nico que los antiguos mayas conoc\u00edan como \u2018Monstruo de la Tierra\u2019.<\/p>\n\n\n\n<p>Bajo condiciones extremas de calor y humedad, el proceso arqueol\u00f3gico permiti\u00f3, finalmente, que el 27 de noviembre de 1952 se pudiera abrir la l\u00e1pida de Pakal, mediante el uso de gatos de tractocamiones y troncos de \u00e1rboles colocados en puntos estrat\u00e9gicos del sarc\u00f3fago.<\/p>\n\n\n\n<p>Los restos \u00f3seos de Pakal, su m\u00e1scara mortuoria, su ajuar funerario y los dem\u00e1s bienes patrimoniales localizados en su tumba han dado pie a incontables estudios que permiten ahondar en los modos de vida, la religiosidad, el gobierno, las pr\u00e1cticas f\u00fanebres y un sinf\u00edn de aspectos de la sociedad que vivi\u00f3 en Lakamha\u2019, el nombre antiguo de <a href=\"https:\/\/www.inah.gob.mx\/zonas\/zona-arqueologica-palenque\">Palenque<\/a>.<\/p>\n\n\n\n<p>En el <a href=\"https:\/\/www.mna.inah.gob.mx\/\">Museo Nacional de Antropolog\u00eda<\/a>, en la Ciudad de M\u00e9xico, y en el <a href=\"https:\/\/www.inah.gob.mx\/museos\/museo-de-sitio-de-palenque-alberto-ruz-l-huillier\">Museo de Sitio de Palenque<\/a> \u2013el cual lleva el nombre de Alberto Ruz L\u2019huillier\u2013 se pueden ver recreaciones de la tumba del soberano maya.<\/p>\n\n\n\n<p>Cabe mencionar que en a\u00f1os recientes, la cripta ha sido estudiada y preservada con <a href=\"https:\/\/mediateca.inah.gob.mx\/webapps\/publicaciones-digitales\/conservacion_palenque\/\">recursos del INAH y del Fondo de los Embajadores de los Estados Unidos<\/a>. Expertos en conservaci\u00f3n han colocado en ella un sistema de monitoreo, el cual mide las condiciones de humedad, temperatura y la concentraci\u00f3n de di\u00f3xido de carbono en su microambiente.<\/p>\n","protected":false},"excerpt":{"rendered":"<p>Visitas: 59 En la cultura popular, la arqueolog\u00eda es, a menudo, mostrada desde grandes y misteriosos descubrimientos en templos y pir\u00e1mides de la antig\u00fcedad. Y aunque existen enormes diferencias entre lo que narran los libros o muestran las pantallas, y la aplicaci\u00f3n cient\u00edfica de dicha disciplina, hallazgos como el de la tumba de K\u2019inich Janaab\u2019 [&hellip;]<\/p>\n","protected":false},"author":2,"featured_media":193218,"comment_status":"open","ping_status":"open","sticky":false,"template":"","format":"standard","meta":{"footnotes":""},"categories":[252],"tags":[],"class_list":{"0":"post-193213","1":"post","2":"type-post","3":"status-publish","4":"format-standard","5":"has-post-thumbnail","7":"category-nacionales"},"nelio_content":{"isAutoShareEnabled":true,"autoShareEndMode":"never","automationSources":{"useCustomSentences":false,"customSentences":[]},"followers":[],"suggestedReferences":[],"efiUrl":"","efiAlt":"","highlights":[],"permalinkQueryArgs":[],"series":[]},"_links":{"self":[{"href":"https:\/\/www.enteratever.com\/2023\/wp-json\/wp\/v2\/posts\/193213","targetHints":{"allow":["GET"]}}],"collection":[{"href":"https:\/\/www.enteratever.com\/2023\/wp-json\/wp\/v2\/posts"}],"about":[{"href":"https:\/\/www.enteratever.com\/2023\/wp-json\/wp\/v2\/types\/post"}],"author":[{"embeddable":true,"href":"https:\/\/www.enteratever.com\/2023\/wp-json\/wp\/v2\/users\/2"}],"replies":[{"embeddable":true,"href":"https:\/\/www.enteratever.com\/2023\/wp-json\/wp\/v2\/comments?post=193213"}],"version-history":[{"count":1,"href":"https:\/\/www.enteratever.com\/2023\/wp-json\/wp\/v2\/posts\/193213\/revisions"}],"predecessor-version":[{"id":193221,"href":"https:\/\/www.enteratever.com\/2023\/wp-json\/wp\/v2\/posts\/193213\/revisions\/193221"}],"wp:featuredmedia":[{"embeddable":true,"href":"https:\/\/www.enteratever.com\/2023\/wp-json\/wp\/v2\/media\/193218"}],"wp:attachment":[{"href":"https:\/\/www.enteratever.com\/2023\/wp-json\/wp\/v2\/media?parent=193213"}],"wp:term":[{"taxonomy":"category","embeddable":true,"href":"https:\/\/www.enteratever.com\/2023\/wp-json\/wp\/v2\/categories?post=193213"},{"taxonomy":"post_tag","embeddable":true,"href":"https:\/\/www.enteratever.com\/2023\/wp-json\/wp\/v2\/tags?post=193213"}],"curies":[{"name":"wp","href":"https:\/\/api.w.org\/{rel}","templated":true}]}}