{"id":193144,"date":"2023-06-15T12:45:31","date_gmt":"2023-06-15T18:45:31","guid":{"rendered":"https:\/\/www.enteratever.com\/2023\/?p=193144"},"modified":"2023-06-15T12:45:34","modified_gmt":"2023-06-15T18:45:34","slug":"concluye-en-mexico-la-capacitacion-de-la-fuerza-especial-cascos-azules-para-la-cultura","status":"publish","type":"post","link":"https:\/\/www.enteratever.com\/2023\/2023\/06\/15\/concluye-en-mexico-la-capacitacion-de-la-fuerza-especial-cascos-azules-para-la-cultura\/","title":{"rendered":"Concluye en M\u00e9xico la capacitaci\u00f3n de la fuerza especial Cascos Azules para la cultura"},"content":{"rendered":"<p>Visitas: 22<\/p>\n<p>Con una ceremonia llevada a cabo hoy mi\u00e9rcoles 14 de junio de 2023, concluy\u00f3 el taller \u201cEl patrimonio cultural en caso de cat\u00e1strofe: riesgos e intervenciones de seguridad\u201d, que la fuerza especial italiana Cascos Azules dio en M\u00e9xico a 60 talleristas, provenientes de M\u00e9xico, Bolivia, Costa Rica, Ecuador, Guatemala, Per\u00fa, Rep\u00fablica Dominicana y Argentina. Reunidos en el Museo Nacional de Antropolog\u00eda, las y los graduados recibieron el diploma que certifica su participaci\u00f3n.<\/p>\n\n\n\n<p>Cabe recordar que Cascos Azules del gobierno de Italia es un \u00f3rgano creado en 2022, como una unidad especial que combina la participaci\u00f3n de elementos del orden y de conservadores de bienes culturales para intervenir en \u00e1reas afectadas por emergencias naturales (clim\u00e1ticas o s\u00edsmicas) o antropog\u00e9nicas (expolios o da\u00f1os causados por conflictos armados).<\/p>\n\n\n\n<p>En el evento, se cont\u00f3 con la presencia de la secretaria de Cultura del Gobierno de M\u00e9xico, Alejandra Frausto Guerrero; el comandante del N\u00facleo de Tutela de Patrimonio Cultural (Comando TPC) del Arma dei Carabinieri, general Vincenzo Molinese; la secretaria general de la Organizaci\u00f3n Internacional \u00cdtalo-Latinoamericana (IILA), Antonella Cavallari; el embajador de Italia en M\u00e9xico, Luigi De Chiara, y el embajador de M\u00e9xico en Italia, Carlos Garc\u00eda de Alba,<\/p>\n\n\n\n<p>Al hacer uso de la voz, la secretaria de Cultura de M\u00e9xico, Alejandra Frausto Guerrero, destac\u00f3 la importancia de tejer estos puentes de colaboraci\u00f3n entre pa\u00edses que buscan cuidar su patrimonio, por lo que hizo votos porque este curso sea fruct\u00edfero.<\/p>\n\n\n\n<p>\u201cGracias a ustedes que dieron parte de su tiempo, su esfuerzo y su energ\u00eda para venir a M\u00e9xico a construir una mirada distinta; la educaci\u00f3n, las capacidades que vamos adquiriendo en un curso como este van uniendo y creando posibilidades de tener puentes de colaboraci\u00f3n mucho m\u00e1s cercanas\u201d.<\/p>\n\n\n\n<p>Record\u00f3 que en la Declaraci\u00f3n final de la Conferencia Mundial sobre Pol\u00edticas Culturales y Desarrollo Sostenible (Mondiacult) 2022, se pone a la cultura como un elemento de desarrollo de las naciones y, por ello, considera el cuidado y la defensa del patrimonio cultural; por ejemplo, al evitar el tr\u00e1fico il\u00edcito de bienes culturales, colaborar en su repatriaci\u00f3n, proteger los derechos colectivos de los plagios, entre otros.<\/p>\n\n\n\n<p>La encargada de la pol\u00edtica cultural de M\u00e9xico coment\u00f3 que esta administraci\u00f3n puso \u00e9nfasis en la recuperaci\u00f3n del patrimonio que estuviera fuera del pa\u00eds, por instrucci\u00f3n del presidente de M\u00e9xico, Andr\u00e9s Manuel L\u00f3pez Obrador; a la fecha se han recuperado m\u00e1s de 11,700 bienes, adem\u00e1s, se puso en marcha la campa\u00f1a #MiPatrimonioNoSeVende que busca hacer conciencia del valor del patrimonio y, en trabajo colaborativo con instancias como la Guardia Nacional, las secretar\u00edas de Relaciones Exteriores, y Seguridad y Protecci\u00f3n Ciudadana, as\u00ed como Aduanas, entre otras, se trabaja de forma coordinada para prevenir la venta de piezas del patrimonio.<\/p>\n\n\n\n<p>\u201cPara nosotros es fundamental la relaci\u00f3n con Am\u00e9rica Latina, con el Caribe, pero tambi\u00e9n con aquellas naciones que son v\u00edctima de expolios, de tr\u00e1fico en otras regiones del mundo. Este curso, gracias a la colaboraci\u00f3n de dos super potencias culturales, como son Italia y M\u00e9xico, est\u00e1n dando herramientas no solamente a la regi\u00f3n, sino al mundo. Tenemos que evitar que aquello que fue robado, aquello que sali\u00f3 de nuestros pa\u00edses lo veamos ofensivamente en una subasta en un pa\u00eds europeo; nada m\u00e1s vulgar que ponerle precio a nuestra identidad\u201d.<\/p>\n\n\n\n<p>A su vez, la secretaria general de la Organizaci\u00f3n IILA, Antonella Cavallari, coment\u00f3 que entre los objetivos de esta organizaci\u00f3n est\u00e1 el construir puentes y crear un espacio de di\u00e1logo interregional, favorecer la integraci\u00f3n regional, como se hizo con este taller que busca la defensa y preservaci\u00f3n del patrimonio.<\/p>\n\n\n\n<p>\u201cPatrimonio es identidad, es algo que nos pertenece y que tenemos que defender como parte de nosotros mismos y ustedes los latinoamericanos es algo que conocen muy bien. Los pa\u00edses aqu\u00ed representados, andinos y centroamericanos, tambi\u00e9n Argentina que est\u00e1 como pa\u00eds que ya tiene esta experiencia de Cascos Azules, realmente tienen un apego enorme a su propio patrimonio cultural en cuanto a identidad nacional, y nada mejor que citar el ejemplo de M\u00e9xico con el tema de restituciones, es algo que para este pa\u00eds se volvi\u00f3 un hito, algo important\u00edsimo y es un ejemplo mundial: Lo que pertenece a un pueblo, tiene que volver a este pueblo, y lo que un pueblo tiene como patrimonio cultural tiene que ser preservado ante todos los riesgos\u201d.<\/p>\n\n\n\n<p>En su mensaje, el titular del TPC del Arma dei Carabinieri, Vincenzo Molinese, agradeci\u00f3 a Frausto Guerrero por favorecer el desarrollo de este curso en M\u00e9xico, un pa\u00eds que, dijo, es hermano del pueblo italiano en lo tocante al cuidado del patrimonio.<\/p>\n\n\n\n<p>\u201cLa herencia cultural de un pa\u00eds es de la humanidad entera. Por ende, cada pa\u00eds tiene el deber de participar en iniciativas como esta a fin de contribuir a la protecci\u00f3n del patrimonio cultural del mundo\u201d, declar\u00f3.<\/p>\n\n\n\n<p>El taller \u201cLos Cascos Azules para la Cultura. El patrimonio cultural en caso de cat\u00e1strofe: riesgos e intervenciones de seguridad\u201d, que dio inicio el 5 de junio y concluye el 16 del mismo mes, tuvo por objetivo intercambiar experiencias y la realizaci\u00f3n de diversas actividades pr\u00e1cticas, vinculadas con la atenci\u00f3n a casos de emergencias naturales o antropog\u00e9nicas relacionadas con la protecci\u00f3n del patrimonio.<\/p>\n\n\n\n<p>Cont\u00f3 con la participaci\u00f3n de funcionarios de cultura, restauradores, arque\u00f3logos, historiadores del arte y arquitectos, as\u00ed como expertos en protecci\u00f3n civil, bomberos y personal policiaco y militar especializado en patrimonio quienes asistieron a 10 sesiones, que se realizaron en la sede de la Coordinaci\u00f3n Nacional de Conservaci\u00f3n del Patrimonio Cultural (CNCPC) del INAH, y en el Museo Nacional de las Intervenciones, ambos en la Ciudad de M\u00e9xico, y transmitidas por <a href=\"https:\/\/www.youtube.com\/playlist?list=PLrCDRHBaJg-S2etNx0mtXxLPPDSjd_E_d\">INAH TV<\/a>.<\/p>\n\n\n\n<p>Esta iniciativa se realiz\u00f3 gracias a la suma de esfuerzos entre la Secretar\u00eda de Cultura del Gobierno de M\u00e9xico y el INAH, la IILA, el Ministerio de Asuntos Exteriores y Cooperaci\u00f3n Internacional de Italia y el Instituto Regional del Patrimonio Mundial en Zacatecas, Centro Categor\u00eda 2, bajo el auspicio de la Unesco.<\/p>\n","protected":false},"excerpt":{"rendered":"<p>Visitas: 22 Con una ceremonia llevada a cabo hoy mi\u00e9rcoles 14 de junio de 2023, concluy\u00f3 el taller \u201cEl patrimonio cultural en caso de cat\u00e1strofe: riesgos e intervenciones de seguridad\u201d, que la fuerza especial italiana Cascos Azules dio en M\u00e9xico a 60 talleristas, provenientes de M\u00e9xico, Bolivia, Costa Rica, Ecuador, Guatemala, Per\u00fa, Rep\u00fablica Dominicana y [&hellip;]<\/p>\n","protected":false},"author":2,"featured_media":193147,"comment_status":"open","ping_status":"open","sticky":false,"template":"","format":"standard","meta":{"footnotes":""},"categories":[252],"tags":[],"class_list":{"0":"post-193144","1":"post","2":"type-post","3":"status-publish","4":"format-standard","5":"has-post-thumbnail","7":"category-nacionales"},"nelio_content":{"isAutoShareEnabled":true,"autoShareEndMode":"never","automationSources":{"useCustomSentences":false,"customSentences":[]},"followers":[],"suggestedReferences":[],"efiUrl":"","efiAlt":"","highlights":[],"permalinkQueryArgs":[],"series":[]},"_links":{"self":[{"href":"https:\/\/www.enteratever.com\/2023\/wp-json\/wp\/v2\/posts\/193144","targetHints":{"allow":["GET"]}}],"collection":[{"href":"https:\/\/www.enteratever.com\/2023\/wp-json\/wp\/v2\/posts"}],"about":[{"href":"https:\/\/www.enteratever.com\/2023\/wp-json\/wp\/v2\/types\/post"}],"author":[{"embeddable":true,"href":"https:\/\/www.enteratever.com\/2023\/wp-json\/wp\/v2\/users\/2"}],"replies":[{"embeddable":true,"href":"https:\/\/www.enteratever.com\/2023\/wp-json\/wp\/v2\/comments?post=193144"}],"version-history":[{"count":1,"href":"https:\/\/www.enteratever.com\/2023\/wp-json\/wp\/v2\/posts\/193144\/revisions"}],"predecessor-version":[{"id":193149,"href":"https:\/\/www.enteratever.com\/2023\/wp-json\/wp\/v2\/posts\/193144\/revisions\/193149"}],"wp:featuredmedia":[{"embeddable":true,"href":"https:\/\/www.enteratever.com\/2023\/wp-json\/wp\/v2\/media\/193147"}],"wp:attachment":[{"href":"https:\/\/www.enteratever.com\/2023\/wp-json\/wp\/v2\/media?parent=193144"}],"wp:term":[{"taxonomy":"category","embeddable":true,"href":"https:\/\/www.enteratever.com\/2023\/wp-json\/wp\/v2\/categories?post=193144"},{"taxonomy":"post_tag","embeddable":true,"href":"https:\/\/www.enteratever.com\/2023\/wp-json\/wp\/v2\/tags?post=193144"}],"curies":[{"name":"wp","href":"https:\/\/api.w.org\/{rel}","templated":true}]}}