{"id":192816,"date":"2023-06-08T14:25:36","date_gmt":"2023-06-08T20:25:36","guid":{"rendered":"https:\/\/www.enteratever.com\/2023\/?p=192816"},"modified":"2023-06-08T14:25:38","modified_gmt":"2023-06-08T20:25:38","slug":"presenta-maev-jornada-de-actividades-por-la-inclusion-social","status":"publish","type":"post","link":"https:\/\/www.enteratever.com\/2023\/2023\/06\/08\/presenta-maev-jornada-de-actividades-por-la-inclusion-social\/","title":{"rendered":"Presenta MAEV jornada de actividades por la inclusi\u00f3n social\u00a0"},"content":{"rendered":"<p>Visitas: 42<\/p>\n<p>El Instituto Veracruzano de la Cultura, a trav\u00e9s del <strong>Museo de Arte del Estado de Veracruz<\/strong>, conmemora el <strong>D\u00eda Nacional de la Lengua de Se\u00f1as Mexicana<\/strong> y el <strong>D\u00eda Mundial de la Diversidad Sexual<\/strong> con una jornada de talleres y charlas para todos los p\u00fablicos. Las actividades tendr\u00e1n lugar de manera gratuita el s\u00e1bado 10 y domingo 30 de junio en el MAEV.<\/p>\n\n\n\n<p>Cada 10 de junio desde el a\u00f1o 2005 el Consejo Nacional para el Desarrollo y la Inclusi\u00f3n de las Personas con Discapacidad promueve la celebraci\u00f3n del <strong>D\u00eda Nacional de la Lengua de Se\u00f1as Mexicana <\/strong>con el objetivo de conmemorar su reconocimiento ante la ley como una de las lenguas nacionales que forman parte del patrimonio ling\u00fc\u00edstico de las y los mexicanos.&nbsp;<\/p>\n\n\n\n<p>Con el prop\u00f3sito de sensibilizar a la poblaci\u00f3n y visibilizar las realidades, necesidades y cultura de la comunidad sorda, el <strong>Museo de Arte del Estado de Veracruz<\/strong> ha organizado tres actividades en torno a esta conmemoraci\u00f3n, que tendr\u00e1n lugar el pr\u00f3ximo s\u00e1bado 10 de junio de las 11:00 a las 18:00 horas. En punto de las 11:00 horas, la int\u00e9rprete certificada en LSM Aleisha Collins y el psicoterapeuta Eder Rocha ofrecer\u00e1n una <strong>visita guiada en Lengua de Se\u00f1as Mexicana<\/strong> por las salas de exposiciones del recinto orizabe\u00f1o. A partir de las 12:00 horas se contar\u00e1 con la participaci\u00f3n de la artista Luc\u00eda S\u00e1nchez en el conversatorio <strong>El ruido de los colores: los pintores sordos en la historia del arte<\/strong>, en el que compartir\u00e1 un recorrido por los casos m\u00e1s sobresalientes de artistas sordos en la historia del arte universal. Finalmente, de las 15:00 a 18:00 horas, Eder Rocha y Aleisha Collins impartir\u00e1n el taller <strong>Hablar con las manos y escuchar viendo<\/strong>, curso b\u00e1sico de LSM.<\/p>\n\n\n\n<p>Esta jornada por la inclusi\u00f3n social concluye el viernes 30 de junio a las 18:00 horas con el conversatorio <strong>Nos pintamos de colores: el arte como medio de expresi\u00f3n y visibilidad social en la diversidad sexual<\/strong>, di\u00e1logo en torno a la celebraci\u00f3n del <strong>D\u00eda Mundial de la Diversidad Sexual<\/strong>, conmemorado cada 28 de junio con el prop\u00f3sito de reivindicar los derechos humanos de las personas gays, bisexuales, pansexuales, travesti, transg\u00e9nero, transexual e intersexuales. La actividad estar\u00e1 a cargo de los promotores culturales Jessica Torres, Gabriel Reyes y Eder Rocha, quienes disertar\u00e1n sobre c\u00f3mo el arte ha coadyuvado a la libre expresi\u00f3n de las orientaciones e identidades sexuales de todas las personas.<\/p>\n\n\n\n<p>El IVEC invita a participar en estas actividades en favor de la inclusi\u00f3n el s\u00e1bado 10 y viernes 30 de junio, en el <strong>Museo de Arte del Estado de Veracruz<\/strong>. Todas son gratuitas. Para solicitar m\u00e1s informaci\u00f3n, comunicarse al tel\u00e9fono 272.724.3200 o enviar un mensaje al correo electr\u00f3nico <a href=\"mailto:maev@ivec.gob.mx\">maev@ivec.gob.mx<\/a>.<\/p>\n\n\n\n<p>Conoce la programaci\u00f3n completa del MAEV a trav\u00e9s de las redes sociales <a href=\"https:\/\/www.facebook.com\/MAEVorizaba\">@MAEVorizaba<\/a> y conoce todas las actividades que el IVEC propone este <strong>mes <\/strong>en <a href=\"http:\/\/www.ivec.gob.mx\/\">www.ivec.gob.mx<\/a>.<\/p>\n","protected":false},"excerpt":{"rendered":"<p>Visitas: 42 El Instituto Veracruzano de la Cultura, a trav\u00e9s del Museo de Arte del Estado de Veracruz, conmemora el D\u00eda Nacional de la Lengua de Se\u00f1as Mexicana y el D\u00eda Mundial de la Diversidad Sexual con una jornada de talleres y charlas para todos los p\u00fablicos. Las actividades tendr\u00e1n lugar de manera gratuita el [&hellip;]<\/p>\n","protected":false},"author":2,"featured_media":192818,"comment_status":"open","ping_status":"open","sticky":false,"template":"","format":"standard","meta":{"footnotes":""},"categories":[237,236],"tags":[],"class_list":{"0":"post-192816","1":"post","2":"type-post","3":"status-publish","4":"format-standard","5":"has-post-thumbnail","7":"category-xalapa","8":"category-zona-centro"},"nelio_content":{"isAutoShareEnabled":true,"autoShareEndMode":"never","automationSources":{"useCustomSentences":false,"customSentences":[]},"followers":[],"suggestedReferences":[],"efiUrl":"","efiAlt":"","highlights":[],"permalinkQueryArgs":[],"series":[]},"_links":{"self":[{"href":"https:\/\/www.enteratever.com\/2023\/wp-json\/wp\/v2\/posts\/192816","targetHints":{"allow":["GET"]}}],"collection":[{"href":"https:\/\/www.enteratever.com\/2023\/wp-json\/wp\/v2\/posts"}],"about":[{"href":"https:\/\/www.enteratever.com\/2023\/wp-json\/wp\/v2\/types\/post"}],"author":[{"embeddable":true,"href":"https:\/\/www.enteratever.com\/2023\/wp-json\/wp\/v2\/users\/2"}],"replies":[{"embeddable":true,"href":"https:\/\/www.enteratever.com\/2023\/wp-json\/wp\/v2\/comments?post=192816"}],"version-history":[{"count":1,"href":"https:\/\/www.enteratever.com\/2023\/wp-json\/wp\/v2\/posts\/192816\/revisions"}],"predecessor-version":[{"id":192820,"href":"https:\/\/www.enteratever.com\/2023\/wp-json\/wp\/v2\/posts\/192816\/revisions\/192820"}],"wp:featuredmedia":[{"embeddable":true,"href":"https:\/\/www.enteratever.com\/2023\/wp-json\/wp\/v2\/media\/192818"}],"wp:attachment":[{"href":"https:\/\/www.enteratever.com\/2023\/wp-json\/wp\/v2\/media?parent=192816"}],"wp:term":[{"taxonomy":"category","embeddable":true,"href":"https:\/\/www.enteratever.com\/2023\/wp-json\/wp\/v2\/categories?post=192816"},{"taxonomy":"post_tag","embeddable":true,"href":"https:\/\/www.enteratever.com\/2023\/wp-json\/wp\/v2\/tags?post=192816"}],"curies":[{"name":"wp","href":"https:\/\/api.w.org\/{rel}","templated":true}]}}