{"id":192811,"date":"2023-06-08T14:18:32","date_gmt":"2023-06-08T20:18:32","guid":{"rendered":"https:\/\/www.enteratever.com\/2023\/?p=192811"},"modified":"2023-06-08T14:18:34","modified_gmt":"2023-06-08T20:18:34","slug":"asesinato-de-7-personas-en-perote-es-un-hecho-aislado-gobernador-de-veracruz","status":"publish","type":"post","link":"https:\/\/www.enteratever.com\/2023\/2023\/06\/08\/asesinato-de-7-personas-en-perote-es-un-hecho-aislado-gobernador-de-veracruz\/","title":{"rendered":"Asesinato de 7 personas en Perote es un hecho aislado: gobernador de Veracruz"},"content":{"rendered":"<p>Visitas: 13<\/p>\n<p>El asesinato de siete personas, entre ellos los cuatro integrantes de una familia en la noche del mi\u00e9rcoles en la comunidad Sierra de Agua, municipio de Perote, \u201ces un hecho aislado\u201d, y la Fiscal\u00eda General del Estado (FGE) inici\u00f3 investigaciones para dar con los presuntos responsables, afirm\u00f3 el gobernador Cuitl\u00e1huac Garc\u00eda Jim\u00e9nez.<\/p>\n\n\n\n<p>En entrevista a su llegada al Instituto de Ecologia (Inecol) en donde la delegaci\u00f3n de la secretar\u00eda de Bienestar realiza el Tianguis Agroecol\u00f3gico y Artesanal con productores de Perote, Garc\u00eda Jim\u00e9nez enfatiz\u00f3 qu\u00e9 anteriormente no hab\u00eda ocurrido un asesinato de esta magnitud en Perote.<\/p>\n\n\n\n<p>\u201cEstamos investigando, vamos a dar con los responsables es un hecho aislado en Perote; no hab\u00eda sucedido esta situaci\u00f3n, tenemos indicios; desde ayer mismo en la noche con el secretario de Seguridad P\u00fablica y Fiscalia, vamos a investigar\u201d, dijo.<\/p>\n\n\n\n<p>Al cuestionar al Mandatario Estatal si la ejecuci\u00f3n de siete personas adultas, de los cuales hay una mujer y el resto son seis varones, podr\u00eda tratarse del delito de extorsi\u00f3n o narcotr\u00e1fico, respondi\u00f3 que la FGE investiga y la secretar\u00eda de Seguridad Publica (SSP) reforz\u00f3 la vigilancia.<\/p>\n\n\n\n<p>El gobernador acudi\u00f3 al INECOL para asistir al evento al que acudi\u00f3 Subsecretario de Inclusi\u00f3n Productiva del Gobierno de M\u00e9xico,<br>Hugo Raul Paulin Hern\u00e1ndez, a invitaci\u00f3n del delegado federal Manuel Huerta Ladr\u00f3n de Guevara.<\/p>\n\n\n\n<p>XEU<\/p>\n","protected":false},"excerpt":{"rendered":"<p>Visitas: 13 El asesinato de siete personas, entre ellos los cuatro integrantes de una familia en la noche del mi\u00e9rcoles en la comunidad Sierra de Agua, municipio de Perote, \u201ces un hecho aislado\u201d, y la Fiscal\u00eda General del Estado (FGE) inici\u00f3 investigaciones para dar con los presuntos responsables, afirm\u00f3 el gobernador Cuitl\u00e1huac Garc\u00eda Jim\u00e9nez. En [&hellip;]<\/p>\n","protected":false},"author":2,"featured_media":185411,"comment_status":"open","ping_status":"open","sticky":false,"template":"","format":"standard","meta":{"footnotes":""},"categories":[237,236],"tags":[],"class_list":{"0":"post-192811","1":"post","2":"type-post","3":"status-publish","4":"format-standard","5":"has-post-thumbnail","7":"category-xalapa","8":"category-zona-centro"},"nelio_content":{"isAutoShareEnabled":true,"autoShareEndMode":"never","automationSources":{"useCustomSentences":false,"customSentences":[]},"followers":[],"suggestedReferences":[],"efiUrl":"","efiAlt":"","highlights":[],"permalinkQueryArgs":[],"series":[]},"_links":{"self":[{"href":"https:\/\/www.enteratever.com\/2023\/wp-json\/wp\/v2\/posts\/192811","targetHints":{"allow":["GET"]}}],"collection":[{"href":"https:\/\/www.enteratever.com\/2023\/wp-json\/wp\/v2\/posts"}],"about":[{"href":"https:\/\/www.enteratever.com\/2023\/wp-json\/wp\/v2\/types\/post"}],"author":[{"embeddable":true,"href":"https:\/\/www.enteratever.com\/2023\/wp-json\/wp\/v2\/users\/2"}],"replies":[{"embeddable":true,"href":"https:\/\/www.enteratever.com\/2023\/wp-json\/wp\/v2\/comments?post=192811"}],"version-history":[{"count":1,"href":"https:\/\/www.enteratever.com\/2023\/wp-json\/wp\/v2\/posts\/192811\/revisions"}],"predecessor-version":[{"id":192813,"href":"https:\/\/www.enteratever.com\/2023\/wp-json\/wp\/v2\/posts\/192811\/revisions\/192813"}],"wp:featuredmedia":[{"embeddable":true,"href":"https:\/\/www.enteratever.com\/2023\/wp-json\/wp\/v2\/media\/185411"}],"wp:attachment":[{"href":"https:\/\/www.enteratever.com\/2023\/wp-json\/wp\/v2\/media?parent=192811"}],"wp:term":[{"taxonomy":"category","embeddable":true,"href":"https:\/\/www.enteratever.com\/2023\/wp-json\/wp\/v2\/categories?post=192811"},{"taxonomy":"post_tag","embeddable":true,"href":"https:\/\/www.enteratever.com\/2023\/wp-json\/wp\/v2\/tags?post=192811"}],"curies":[{"name":"wp","href":"https:\/\/api.w.org\/{rel}","templated":true}]}}