{"id":192588,"date":"2023-06-05T16:27:58","date_gmt":"2023-06-05T22:27:58","guid":{"rendered":"https:\/\/www.enteratever.com\/2023\/?p=192588"},"modified":"2023-06-05T16:28:00","modified_gmt":"2023-06-05T22:28:00","slug":"fue-liberado-funcionario-de-invivienda-lo-acusaron-falsamente-gobernador-de-veracruz","status":"publish","type":"post","link":"https:\/\/www.enteratever.com\/2023\/2023\/06\/05\/fue-liberado-funcionario-de-invivienda-lo-acusaron-falsamente-gobernador-de-veracruz\/","title":{"rendered":"Fue liberado funcionario de Invivienda, lo acusaron falsamente: gobernador de Veracruz"},"content":{"rendered":"<p>Visitas: 146<\/p>\n<p>El gerente de la Unidad de Administraci\u00f3n y Finanzas del Instituto Veracruzano de la Vivienda en Veracruz, Rubisel quien&nbsp;fue detenido en Toluca presuntamente por haber coaccionado el voto el d\u00eda de la elecci\u00f3n fue acusado falsamente, asegur\u00f3 el gobernador de Veracruz.<\/p>\n\n\n\n<p>En conferencia de prensa desde Xalapa, el gobernador dijo que las acusaciones son falsas, y que s\u00ed fue detenido pero posteriormente lo liberaron.<\/p>\n\n\n\n<p>\u00abResult\u00f3 falso, no est\u00e1 detenido, ante la falta de pruebas lo liberaron. Todo lo que le se\u00f1alaron fue falso, sino no lo hubieran liberado.<\/p>\n\n\n\n<p>Y es que reiter\u00f3 que \u00ablo acusaron de cosas falsas\u00bb, \u00abpor qu\u00e9 tiene que ser separado\u00bb, cuestion\u00f3 , pues dijo que se tendr\u00eda que ver \u00abla actuaci\u00f3n de los polic\u00edas, fue un acto de represi\u00f3n\u00bb.<\/p>\n\n\n\n<p>XEU<\/p>\n","protected":false},"excerpt":{"rendered":"<p>Visitas: 146 El gerente de la Unidad de Administraci\u00f3n y Finanzas del Instituto Veracruzano de la Vivienda en Veracruz, Rubisel quien&nbsp;fue detenido en Toluca presuntamente por haber coaccionado el voto el d\u00eda de la elecci\u00f3n fue acusado falsamente, asegur\u00f3 el gobernador de Veracruz. En conferencia de prensa desde Xalapa, el gobernador dijo que las acusaciones [&hellip;]<\/p>\n","protected":false},"author":2,"featured_media":185411,"comment_status":"open","ping_status":"open","sticky":false,"template":"","format":"standard","meta":{"footnotes":""},"categories":[237,236],"tags":[],"class_list":{"0":"post-192588","1":"post","2":"type-post","3":"status-publish","4":"format-standard","5":"has-post-thumbnail","7":"category-xalapa","8":"category-zona-centro"},"nelio_content":{"isAutoShareEnabled":true,"autoShareEndMode":"never","automationSources":{"useCustomSentences":false,"customSentences":[]},"followers":[],"suggestedReferences":[],"efiUrl":"","efiAlt":"","highlights":[],"permalinkQueryArgs":[],"series":[]},"_links":{"self":[{"href":"https:\/\/www.enteratever.com\/2023\/wp-json\/wp\/v2\/posts\/192588","targetHints":{"allow":["GET"]}}],"collection":[{"href":"https:\/\/www.enteratever.com\/2023\/wp-json\/wp\/v2\/posts"}],"about":[{"href":"https:\/\/www.enteratever.com\/2023\/wp-json\/wp\/v2\/types\/post"}],"author":[{"embeddable":true,"href":"https:\/\/www.enteratever.com\/2023\/wp-json\/wp\/v2\/users\/2"}],"replies":[{"embeddable":true,"href":"https:\/\/www.enteratever.com\/2023\/wp-json\/wp\/v2\/comments?post=192588"}],"version-history":[{"count":1,"href":"https:\/\/www.enteratever.com\/2023\/wp-json\/wp\/v2\/posts\/192588\/revisions"}],"predecessor-version":[{"id":192591,"href":"https:\/\/www.enteratever.com\/2023\/wp-json\/wp\/v2\/posts\/192588\/revisions\/192591"}],"wp:featuredmedia":[{"embeddable":true,"href":"https:\/\/www.enteratever.com\/2023\/wp-json\/wp\/v2\/media\/185411"}],"wp:attachment":[{"href":"https:\/\/www.enteratever.com\/2023\/wp-json\/wp\/v2\/media?parent=192588"}],"wp:term":[{"taxonomy":"category","embeddable":true,"href":"https:\/\/www.enteratever.com\/2023\/wp-json\/wp\/v2\/categories?post=192588"},{"taxonomy":"post_tag","embeddable":true,"href":"https:\/\/www.enteratever.com\/2023\/wp-json\/wp\/v2\/tags?post=192588"}],"curies":[{"name":"wp","href":"https:\/\/api.w.org\/{rel}","templated":true}]}}