{"id":192447,"date":"2023-06-02T09:33:10","date_gmt":"2023-06-02T15:33:10","guid":{"rendered":"https:\/\/www.enteratever.com\/2023\/?p=192447"},"modified":"2023-06-02T09:33:12","modified_gmt":"2023-06-02T15:33:12","slug":"invita-ayuntamiento-a-curso-de-capacitacion-empresarial","status":"publish","type":"post","link":"https:\/\/www.enteratever.com\/2023\/2023\/06\/02\/invita-ayuntamiento-a-curso-de-capacitacion-empresarial\/","title":{"rendered":"Invita Ayuntamiento a curso de capacitaci\u00f3n empresarial"},"content":{"rendered":"<p>Visitas: 7<\/p>\n<p>Xalapa, Ver.- Para empoderar a los peque\u00f1os empresarios que cuentan con negocios s\u00f3lidos con un periodo de \u00e9xito, el Ayuntamiento, a trav\u00e9s de la Direcci\u00f3n de Desarrollo Econ\u00f3mico, oferta el curso de capacitaci\u00f3n: \u201c\u2019\u00bfTienes la empresa que quieres o tienes la empresa que puedes?\u201d, a desarrollarse los d\u00edas 2 y 9 de junio en las instalaciones del Archivo Municipal.<br><br>De acuerdo con el encargado del Departamento de Empresas de Base Creativa, Milton Garc\u00eda Hern\u00e1ndez, la convocatoria a este curso est\u00e1 abierta a todas y todos los interesados. Se desarrollar\u00e1 de 11:00 a 13:00 horas.<br><br>Detall\u00f3 que la capacitaci\u00f3n con \u201ccoaching empresarial\u201d, facilita a los participantes el dominio de los procesos de intervenci\u00f3n, como agentes externos y\/o internos, en el desarrollo de los equipos, adem\u00e1s de permitirles adquirir nuevas habilidades para enriquecer su desempe\u00f1o profesional.<br><br>Explic\u00f3 que a trav\u00e9s de este curso, las empresas tendr\u00e1n una mayor facilidad para resolver problemas estrat\u00e9gicos o de organizaci\u00f3n, mejorar\u00e1n el trabajo en equipo, la comunicaci\u00f3n y el compromiso propio y de sus empleados, adem\u00e1s de crear un ambiente laboral apropiado para formar y mejorar las habilidades de sus colaboradores.<br><br>El curso ser\u00e1 impartido por Enrique Diez Guti\u00e9rrez, fundador de la empresa Capacitaci\u00f3n Kreativa, coach certificado que se ha desempe\u00f1ado como catedr\u00e1tico de la Universidad Iberoamericana, el Instituto Tecnol\u00f3gico Aut\u00f3nomo de M\u00e9xico y el Instituto de Mercadotecnia y Publicidad; adem\u00e1s de contar con amplia experiencia en la impartici\u00f3n de cursos de capacitaci\u00f3n a instituciones tanto p\u00fablicas como privadas.<br><br>De acuerdo con el funcionario, los empresarios m\u00e1s participativos durante las sesiones, ganar\u00e1n un diagn\u00f3stico empresarial enfocado al giro gastron\u00f3mico, \u201ctodos los giros son bienvenidos a esta capacitaci\u00f3n, pero tenemos esta oportunidad especial para el \u00e1rea gastron\u00f3mica\u201d, concluy\u00f3<\/p>\n","protected":false},"excerpt":{"rendered":"<p>Visitas: 7 Xalapa, Ver.- Para empoderar a los peque\u00f1os empresarios que cuentan con negocios s\u00f3lidos con un periodo de \u00e9xito, el Ayuntamiento, a trav\u00e9s de la Direcci\u00f3n de Desarrollo Econ\u00f3mico, oferta el curso de capacitaci\u00f3n: \u201c\u2019\u00bfTienes la empresa que quieres o tienes la empresa que puedes?\u201d, a desarrollarse los d\u00edas 2 y 9 de junio [&hellip;]<\/p>\n","protected":false},"author":2,"featured_media":192449,"comment_status":"open","ping_status":"open","sticky":false,"template":"","format":"standard","meta":{"footnotes":""},"categories":[237,236],"tags":[41],"class_list":{"0":"post-192447","1":"post","2":"type-post","3":"status-publish","4":"format-standard","5":"has-post-thumbnail","7":"category-xalapa","8":"category-zona-centro","9":"tag-portada"},"nelio_content":{"isAutoShareEnabled":true,"autoShareEndMode":"never","automationSources":{"useCustomSentences":false,"customSentences":[]},"followers":[],"suggestedReferences":[],"efiUrl":"","efiAlt":"","highlights":[],"permalinkQueryArgs":[],"series":[]},"_links":{"self":[{"href":"https:\/\/www.enteratever.com\/2023\/wp-json\/wp\/v2\/posts\/192447","targetHints":{"allow":["GET"]}}],"collection":[{"href":"https:\/\/www.enteratever.com\/2023\/wp-json\/wp\/v2\/posts"}],"about":[{"href":"https:\/\/www.enteratever.com\/2023\/wp-json\/wp\/v2\/types\/post"}],"author":[{"embeddable":true,"href":"https:\/\/www.enteratever.com\/2023\/wp-json\/wp\/v2\/users\/2"}],"replies":[{"embeddable":true,"href":"https:\/\/www.enteratever.com\/2023\/wp-json\/wp\/v2\/comments?post=192447"}],"version-history":[{"count":1,"href":"https:\/\/www.enteratever.com\/2023\/wp-json\/wp\/v2\/posts\/192447\/revisions"}],"predecessor-version":[{"id":192451,"href":"https:\/\/www.enteratever.com\/2023\/wp-json\/wp\/v2\/posts\/192447\/revisions\/192451"}],"wp:featuredmedia":[{"embeddable":true,"href":"https:\/\/www.enteratever.com\/2023\/wp-json\/wp\/v2\/media\/192449"}],"wp:attachment":[{"href":"https:\/\/www.enteratever.com\/2023\/wp-json\/wp\/v2\/media?parent=192447"}],"wp:term":[{"taxonomy":"category","embeddable":true,"href":"https:\/\/www.enteratever.com\/2023\/wp-json\/wp\/v2\/categories?post=192447"},{"taxonomy":"post_tag","embeddable":true,"href":"https:\/\/www.enteratever.com\/2023\/wp-json\/wp\/v2\/tags?post=192447"}],"curies":[{"name":"wp","href":"https:\/\/api.w.org\/{rel}","templated":true}]}}