{"id":192397,"date":"2023-06-01T13:16:12","date_gmt":"2023-06-01T19:16:12","guid":{"rendered":"https:\/\/www.enteratever.com\/2023\/?p=192397"},"modified":"2023-06-01T13:16:16","modified_gmt":"2023-06-01T19:16:16","slug":"el-ivec-y-el-centro-cultural-helenico-presentan-los-resultados-del-cuarto-concurso-de-apoyo-a-la-produccion-escenica-en-veracruz-2023","status":"publish","type":"post","link":"https:\/\/www.enteratever.com\/2023\/2023\/06\/01\/el-ivec-y-el-centro-cultural-helenico-presentan-los-resultados-del-cuarto-concurso-de-apoyo-a-la-produccion-escenica-en-veracruz-2023\/","title":{"rendered":"El IVEC y el Centro Cultural Hel\u00e9nico presentan los resultados del cuarto Concurso de Apoyo a la Producci\u00f3n Esc\u00e9nica en Veracruz 2023"},"content":{"rendered":"<p>Visitas: 20<\/p>\n<p>El Instituto Veracruzano de la Cultura, en coordinaci\u00f3n con la Secretar\u00eda de Cultura federal a trav\u00e9s del <strong>Centro Cultural Hel\u00e9nico<\/strong>, presentan los proyectos esc\u00e9nicos que ser\u00e1n beneficiados en la cuarta emisi\u00f3n de la convocatoria <strong>Apoyo a la Producci\u00f3n Esc\u00e9nica en Veracruz<\/strong>, iniciativa promovida por el IVEC en la entidad veracruzana desde el a\u00f1o 2020.<\/p>\n\n\n\n<p>El <strong>Concurso de Apoyo a la Producci\u00f3n Esc\u00e9nica en Veracruz<\/strong> tiene como prop\u00f3sito estimular e impulsar la producci\u00f3n, creaci\u00f3n y difusi\u00f3n de las artes esc\u00e9nicas con apoyos a compa\u00f1\u00edas y grupos con experiencia comprobable de cinco a\u00f1os de trabajo, formadas por artistas esc\u00e9nicos residentes en el estado de Veracruz, que posean un proyecto de puesta en escena in\u00e9dito, de peque\u00f1o formato y de alta movilidad esc\u00e9nica.<\/p>\n\n\n\n<p>Con el prop\u00f3sito de enriquecer, diversificar y visibilizar la oferta teatral de la rep\u00fablica mexicana, esta cuarta edici\u00f3n del concurso se suma al programa de Premiaci\u00f3n a Proyectos de Producci\u00f3n Esc\u00e9nica del Centro Cultural Hel\u00e9nico, en el que tambi\u00e9n se incluyen las ediciones 2023 del Premio a proyectos de producci\u00f3n esc\u00e9nica en Aguascalientes, en Coahuila y en Colima.<\/p>\n\n\n\n<p>En la entidad veracruzana se recibieron 18 propuestas en las disciplinas de danza y teatro presentadas por distintas compa\u00f1\u00edas de entre las cuales el jurado calificador, integrado por las y los destacados especialistas Alicia Laguna Castillo, Felipe Adalberto Rodr\u00edguez e Ingrid Lillian Ch\u00e1vez Bravo, tuvo a bien seleccionar los siguientes tres proyectos:<\/p>\n\n\n\n<ul class=\"wp-block-list\">\n<li><em>El ferrocarril de Pacona<\/em> | Francisco J\u00e1come Garc\u00eda<\/li>\n\n\n\n<li><em>Bruna y los discos protoplanetarios<\/em> | Hasam D\u00edaz Hierro<\/li>\n\n\n\n<li><em>90 minutos <\/em>| Tayde Adriana Pedraza Orozco<\/li>\n<\/ul>\n\n\n\n<p>Las compa\u00f1\u00edas seleccionadas recibir\u00e1n un apoyo econ\u00f3mico \u00fanico e indivisible de $100,000.00 (cien mil pesos 00\/100 M.N.) para la producci\u00f3n y presentaci\u00f3n de tres funciones presenciales de su proyecto durante el mes de noviembre en distintos municipios y recintos teatrales del estado, en acuerdo con el Instituto Veracruzano de la Cultura. Asimismo, ser\u00e1n asesoradas durante su proceso creativo por profesionales de las artes esc\u00e9nicas con el objetivo de coadyuvar en el mejoramiento de los montajes.&nbsp;<\/p>\n\n\n\n<p>En el <strong>Teatro del Estado \u201cGral. Ignacio de la Llave\u201d<\/strong> las puestas en escena tendr\u00e1n funciones del 24 al 26 de noviembre de 2023. Visita la p\u00e1gina de Facebook <a href=\"https:\/\/www.facebook.com\/TeatroDelEstado\">@TeatroDelEstado<\/a> para conocer todas las actividades que realiza este recinto cultural.<\/p>\n\n\n\n<p>Consulta los resultados de la convocatoria al cuarto <strong>Concurso de Apoyo a la Producci\u00f3n Esc\u00e9nica en Veracruz 2023<\/strong> en los sitios oficiales de ambas instituciones convocantes: <a href=\"http:\/\/www.helenico.gob.mx\">www.helenico.gob.mx<\/a> y <a href=\"http:\/\/www.ivec.gob.mx\">www.ivec.gob.mx<\/a>.<\/p>\n","protected":false},"excerpt":{"rendered":"<p>Visitas: 20 El Instituto Veracruzano de la Cultura, en coordinaci\u00f3n con la Secretar\u00eda de Cultura federal a trav\u00e9s del Centro Cultural Hel\u00e9nico, presentan los proyectos esc\u00e9nicos que ser\u00e1n beneficiados en la cuarta emisi\u00f3n de la convocatoria Apoyo a la Producci\u00f3n Esc\u00e9nica en Veracruz, iniciativa promovida por el IVEC en la entidad veracruzana desde el a\u00f1o [&hellip;]<\/p>\n","protected":false},"author":2,"featured_media":192399,"comment_status":"open","ping_status":"open","sticky":false,"template":"","format":"standard","meta":{"footnotes":""},"categories":[237,236],"tags":[],"class_list":{"0":"post-192397","1":"post","2":"type-post","3":"status-publish","4":"format-standard","5":"has-post-thumbnail","7":"category-xalapa","8":"category-zona-centro"},"nelio_content":{"isAutoShareEnabled":true,"autoShareEndMode":"never","automationSources":{"useCustomSentences":false,"customSentences":[]},"followers":[],"suggestedReferences":[],"efiUrl":"","efiAlt":"","highlights":[],"permalinkQueryArgs":[],"series":[]},"_links":{"self":[{"href":"https:\/\/www.enteratever.com\/2023\/wp-json\/wp\/v2\/posts\/192397","targetHints":{"allow":["GET"]}}],"collection":[{"href":"https:\/\/www.enteratever.com\/2023\/wp-json\/wp\/v2\/posts"}],"about":[{"href":"https:\/\/www.enteratever.com\/2023\/wp-json\/wp\/v2\/types\/post"}],"author":[{"embeddable":true,"href":"https:\/\/www.enteratever.com\/2023\/wp-json\/wp\/v2\/users\/2"}],"replies":[{"embeddable":true,"href":"https:\/\/www.enteratever.com\/2023\/wp-json\/wp\/v2\/comments?post=192397"}],"version-history":[{"count":1,"href":"https:\/\/www.enteratever.com\/2023\/wp-json\/wp\/v2\/posts\/192397\/revisions"}],"predecessor-version":[{"id":192401,"href":"https:\/\/www.enteratever.com\/2023\/wp-json\/wp\/v2\/posts\/192397\/revisions\/192401"}],"wp:featuredmedia":[{"embeddable":true,"href":"https:\/\/www.enteratever.com\/2023\/wp-json\/wp\/v2\/media\/192399"}],"wp:attachment":[{"href":"https:\/\/www.enteratever.com\/2023\/wp-json\/wp\/v2\/media?parent=192397"}],"wp:term":[{"taxonomy":"category","embeddable":true,"href":"https:\/\/www.enteratever.com\/2023\/wp-json\/wp\/v2\/categories?post=192397"},{"taxonomy":"post_tag","embeddable":true,"href":"https:\/\/www.enteratever.com\/2023\/wp-json\/wp\/v2\/tags?post=192397"}],"curies":[{"name":"wp","href":"https:\/\/api.w.org\/{rel}","templated":true}]}}