{"id":192288,"date":"2023-05-30T15:56:04","date_gmt":"2023-05-30T21:56:04","guid":{"rendered":"https:\/\/www.enteratever.com\/2023\/?p=192288"},"modified":"2023-05-30T15:56:06","modified_gmt":"2023-05-30T21:56:06","slug":"vamos-a-meter-mano-a-la-torre-pediatrica-para-tenerla-bien-cuitlahuac","status":"publish","type":"post","link":"https:\/\/www.enteratever.com\/2023\/2023\/05\/30\/vamos-a-meter-mano-a-la-torre-pediatrica-para-tenerla-bien-cuitlahuac\/","title":{"rendered":"Vamos a meter mano a la Torre Pedi\u00e1trica para tenerla bien: Cuitl\u00e1huac"},"content":{"rendered":"<p>Visitas: 13<\/p>\n<p>El gobernador de Veracruz, Cuitl\u00e1huac Garc\u00eda Jim\u00e9nez, confirm\u00f3 que intervendr\u00e1n con trabajos de rehabilitaci\u00f3n la Torre Pedi\u00e1trica que ha sufrido da\u00f1os en los \u00faltimos meses aunque dijo que se tiene programado un proyecto para 2024.<\/p>\n\n\n\n<p>En conferencia de prensa, el mandatario afirm\u00f3 que cuando hay algo tan mal hecho no es f\u00e1cil recomponerlo y que no est\u00e1n en posibilidades de construir un nuevo hospital, pero que s\u00ed invierten en su mantenimiento.<\/p>\n\n\n\n<p>\u201cNo haremos uno nuevo pero vamos a meterle mano para tenerlo bien. Cada a\u00f1o le damos presupuesto para irlo mejorando y en 2024 daremos una buena noticia antes de que termine mi gobierno\u201d, dijo.<\/p>\n\n\n\n<p>Se\u00f1al\u00f3 que no otorgar\u00e1 mayor informaci\u00f3n hasta que tenga el proyecto pero afirm\u00f3 que s\u00ed ser\u00e1 intervenida, y aprovech\u00f3 para recordar que en el bienio del gobernador Miguel \u00c1ngel Yunes Linares se afirm\u00f3 que era una obra de primer nivel.<\/p>\n\n\n\n<p>Hay que recordar que en este espacio se han registrado da\u00f1os en fachada como ca\u00edda de cristales de gran tama\u00f1o, as\u00ed como la ca\u00edda de elevadores que han generado lesiones a trabajadores.<\/p>\n\n\n\n<p>En otro tema, el mandatario dijo que se analizar\u00e1 si se otorgan d\u00edas de asueto durante la celebraci\u00f3n del Carnaval de Veracruz que se realizar\u00e1 del 29 de junio al 5 de julio.<\/p>\n\n\n\n<p>Lo anterior pues dijo que depender\u00e1 de si algunos sindicatos tomaron d\u00edas de asueto en las fechas en las que normalmente se realizaba esta celebraci\u00f3n.<\/p>\n\n\n\n<p>\u201cMe parece que s\u00ed pero tengo que verlo, tendr\u00e9 una reuni\u00f3n y lo preguntar\u00e9. Se concede a algunos sindicatos y debo ver c\u00f3mo quedaron las fechas que se ten\u00edan programadas y que sucedi\u00f3 con esa negociaci\u00f3n si aceptaron el cambio por estos d\u00edas. Vamos a analizarlo pero es un tema que est\u00e1 pendiente\u201d.<\/p>\n","protected":false},"excerpt":{"rendered":"<p>Visitas: 13 El gobernador de Veracruz, Cuitl\u00e1huac Garc\u00eda Jim\u00e9nez, confirm\u00f3 que intervendr\u00e1n con trabajos de rehabilitaci\u00f3n la Torre Pedi\u00e1trica que ha sufrido da\u00f1os en los \u00faltimos meses aunque dijo que se tiene programado un proyecto para 2024. En conferencia de prensa, el mandatario afirm\u00f3 que cuando hay algo tan mal hecho no es f\u00e1cil recomponerlo [&hellip;]<\/p>\n","protected":false},"author":2,"featured_media":185413,"comment_status":"open","ping_status":"open","sticky":false,"template":"","format":"standard","meta":{"footnotes":""},"categories":[237,236],"tags":[],"class_list":{"0":"post-192288","1":"post","2":"type-post","3":"status-publish","4":"format-standard","5":"has-post-thumbnail","7":"category-xalapa","8":"category-zona-centro"},"nelio_content":{"isAutoShareEnabled":true,"autoShareEndMode":"never","automationSources":{"useCustomSentences":false,"customSentences":[]},"followers":[],"suggestedReferences":[],"efiUrl":"","efiAlt":"","highlights":[],"permalinkQueryArgs":[],"series":[]},"_links":{"self":[{"href":"https:\/\/www.enteratever.com\/2023\/wp-json\/wp\/v2\/posts\/192288","targetHints":{"allow":["GET"]}}],"collection":[{"href":"https:\/\/www.enteratever.com\/2023\/wp-json\/wp\/v2\/posts"}],"about":[{"href":"https:\/\/www.enteratever.com\/2023\/wp-json\/wp\/v2\/types\/post"}],"author":[{"embeddable":true,"href":"https:\/\/www.enteratever.com\/2023\/wp-json\/wp\/v2\/users\/2"}],"replies":[{"embeddable":true,"href":"https:\/\/www.enteratever.com\/2023\/wp-json\/wp\/v2\/comments?post=192288"}],"version-history":[{"count":1,"href":"https:\/\/www.enteratever.com\/2023\/wp-json\/wp\/v2\/posts\/192288\/revisions"}],"predecessor-version":[{"id":192290,"href":"https:\/\/www.enteratever.com\/2023\/wp-json\/wp\/v2\/posts\/192288\/revisions\/192290"}],"wp:featuredmedia":[{"embeddable":true,"href":"https:\/\/www.enteratever.com\/2023\/wp-json\/wp\/v2\/media\/185413"}],"wp:attachment":[{"href":"https:\/\/www.enteratever.com\/2023\/wp-json\/wp\/v2\/media?parent=192288"}],"wp:term":[{"taxonomy":"category","embeddable":true,"href":"https:\/\/www.enteratever.com\/2023\/wp-json\/wp\/v2\/categories?post=192288"},{"taxonomy":"post_tag","embeddable":true,"href":"https:\/\/www.enteratever.com\/2023\/wp-json\/wp\/v2\/tags?post=192288"}],"curies":[{"name":"wp","href":"https:\/\/api.w.org\/{rel}","templated":true}]}}