{"id":191550,"date":"2023-05-17T11:56:11","date_gmt":"2023-05-17T17:56:11","guid":{"rendered":"https:\/\/www.enteratever.com\/2023\/?p=191550"},"modified":"2023-05-17T11:56:13","modified_gmt":"2023-05-17T17:56:13","slug":"se-desplego-a-guardia-nacional-para-buscar-migrantes-secuestrados-en-slp-informa-amlo","status":"publish","type":"post","link":"https:\/\/www.enteratever.com\/2023\/2023\/05\/17\/se-desplego-a-guardia-nacional-para-buscar-migrantes-secuestrados-en-slp-informa-amlo\/","title":{"rendered":"Se despleg\u00f3 a Guardia Nacional para buscar migrantes secuestrados en SLP, informa AMLO"},"content":{"rendered":"<p>Visitas: 22<\/p>\n<p class=\"wp-block-paragraph\">El presidente de M\u00e9xico,&nbsp;Andr\u00e9s Manuel L\u00f3pez Obrador,&nbsp;inform\u00f3&nbsp;sobre el despliegue de elementos de la Guardia Nacional en&nbsp;Matehuala, San Luis Potos\u00ed, con el objetivo de encontrar a los&nbsp;migrantes&nbsp;que fueron secuestrados en la regi\u00f3n.<\/p>\n\n\n\n<p class=\"wp-block-paragraph\">Durante una conferencia de prensa, AMLO&nbsp;afirm\u00f3 que&nbsp;algunos de los migrantes ya han sido localizados&nbsp;y que se tiene identificado el sitio donde se encuentran.<\/p>\n\n\n\n<p class=\"wp-block-paragraph\">El mandatario destac\u00f3 que su gobierno est\u00e1 trabajando para atender esta situaci\u00f3n y rescatar a los migrantes que han sido v\u00edctimas de secuestro. Aunque se ha mencionado la cifra de 50 migrantes secuestrados, AMLO se\u00f1al\u00f3 que est\u00e1n en proceso de verificar y localizar a todas las personas afectadas.<\/p>\n\n\n\n<p class=\"wp-block-paragraph\">Asimismo, el presidente reconoci\u00f3 que este acto de privaci\u00f3n ilegal de la libertad est\u00e1 relacionado con otros casos previamente reportados en Matehuala, una zona donde operan diversas bandas del crimen organizado.\u00a0<\/p>\n\n\n\n<p class=\"wp-block-paragraph\">XEU<\/p>\n","protected":false},"excerpt":{"rendered":"<p>Visitas: 22 El presidente de M\u00e9xico,&nbsp;Andr\u00e9s Manuel L\u00f3pez Obrador,&nbsp;inform\u00f3&nbsp;sobre el despliegue de elementos de la Guardia Nacional en&nbsp;Matehuala, San Luis Potos\u00ed, con el objetivo de encontrar a los&nbsp;migrantes&nbsp;que fueron secuestrados en la regi\u00f3n. Durante una conferencia de prensa, AMLO&nbsp;afirm\u00f3 que&nbsp;algunos de los migrantes ya han sido localizados&nbsp;y que se tiene identificado el sitio donde se [&hellip;]<\/p>\n","protected":false},"author":2,"featured_media":184598,"comment_status":"open","ping_status":"open","sticky":false,"template":"","format":"standard","meta":{"footnotes":""},"categories":[252],"tags":[],"class_list":["post-191550","post","type-post","status-publish","format-standard","has-post-thumbnail","category-nacionales"],"nelio_content":{"isAutoShareEnabled":true,"autoShareEndMode":"never","automationSources":{"useCustomSentences":false,"customSentences":[]},"followers":[],"suggestedReferences":[],"efiUrl":"","efiAlt":"","highlights":[],"permalinkQueryArgs":[],"series":[]},"_links":{"self":[{"href":"https:\/\/www.enteratever.com\/2023\/wp-json\/wp\/v2\/posts\/191550","targetHints":{"allow":["GET"]}}],"collection":[{"href":"https:\/\/www.enteratever.com\/2023\/wp-json\/wp\/v2\/posts"}],"about":[{"href":"https:\/\/www.enteratever.com\/2023\/wp-json\/wp\/v2\/types\/post"}],"author":[{"embeddable":true,"href":"https:\/\/www.enteratever.com\/2023\/wp-json\/wp\/v2\/users\/2"}],"replies":[{"embeddable":true,"href":"https:\/\/www.enteratever.com\/2023\/wp-json\/wp\/v2\/comments?post=191550"}],"version-history":[{"count":1,"href":"https:\/\/www.enteratever.com\/2023\/wp-json\/wp\/v2\/posts\/191550\/revisions"}],"predecessor-version":[{"id":191552,"href":"https:\/\/www.enteratever.com\/2023\/wp-json\/wp\/v2\/posts\/191550\/revisions\/191552"}],"wp:featuredmedia":[{"embeddable":true,"href":"https:\/\/www.enteratever.com\/2023\/wp-json\/wp\/v2\/media\/184598"}],"wp:attachment":[{"href":"https:\/\/www.enteratever.com\/2023\/wp-json\/wp\/v2\/media?parent=191550"}],"wp:term":[{"taxonomy":"category","embeddable":true,"href":"https:\/\/www.enteratever.com\/2023\/wp-json\/wp\/v2\/categories?post=191550"},{"taxonomy":"post_tag","embeddable":true,"href":"https:\/\/www.enteratever.com\/2023\/wp-json\/wp\/v2\/tags?post=191550"}],"curies":[{"name":"wp","href":"https:\/\/api.w.org\/{rel}","templated":true}]}}