{"id":190017,"date":"2023-04-21T09:21:58","date_gmt":"2023-04-21T15:21:58","guid":{"rendered":"https:\/\/www.enteratever.com\/2023\/?p=190017"},"modified":"2023-04-21T09:22:00","modified_gmt":"2023-04-21T15:22:00","slug":"otorgan-certeza-juridica-y-justicia-social-a-campesinos-de-minatitlan","status":"publish","type":"post","link":"https:\/\/www.enteratever.com\/2023\/2023\/04\/21\/otorgan-certeza-juridica-y-justicia-social-a-campesinos-de-minatitlan\/","title":{"rendered":"Otorgan certeza jur\u00eddica y justicia social a campesinos de Minatitl\u00e1n"},"content":{"rendered":"<p>Visitas: 64<\/p>\n<p>\u2014 Es el resultado de la suma de esfuerzos de los tres \u00f3rdenes de gobierno: Carmen Medel Palma.<\/p>\n\n\n\n<p>Minatitl\u00e1n, Ver. \u2014 En un evento encabezado por la Presidenta Municipal de Minatitl\u00e1n, Dra. Carmen Medel Palma; se dio certeza jur\u00eddica y justicia social a los campesinos de la regi\u00f3n minatitleca, otorgando 418 documentos agrarios.<\/p>\n\n\n\n<p>Durante su mensaje, Medel Palma consider\u00f3 la entrega de t\u00edtulos de propiedad y certificados parcelarios como una retribuci\u00f3n al trabajo de mujeres y hombres que hacen producir la tierra del municipio que florece, tambi\u00e9n dijo que es el resultado de la suma de esfuerzos de los tres \u00f3rdenes de gobierno.<\/p>\n\n\n\n<p>\u201cUstedes ya tienen un papel que garantiza que sus tierras ya son suyas, gracias al buen trabajo de nuestro presidente de la rep\u00fablica, y del gobernador de Veracruz a trav\u00e9s del gobierno municipal que me honro en presidir, damos respuesta a una justa demanda de posesi\u00f3n de tierras y de combate al rezago agrario\u201d expres\u00f3.<\/p>\n\n\n\n<p>A\u00f1adi\u00f3 que estas acciones son parte de la transformaci\u00f3n de Minatitl\u00e1n, lo que quiere decir que se le est\u00e1 haciendo justicia al campo de Veracruz, y que anteriormente se ten\u00edan que esperar muchos a\u00f1os para saber que las tierras donde trabajan eran suyas, haciendo \u00e9nfasis que las malas costumbres ya no existen.<\/p>\n\n\n\n<p>Por su parte, Jos\u00e9 Antonio Ochoa Meza, representante del Registro Agrario Nacional (RAN); agradeci\u00f3 a la doctora por el apoyo y respaldo para que el evento pudiera llevarse a cabo en este municipio, resaltando que esta certificaci\u00f3n es totalmente gratuita, hecho que agradecieron los beneficiados.<\/p>\n\n\n\n<p>En el lugar, estuvieron presentes Citlalli del Carmen Vicente Medina, Jefa de Residencia de la RAN en Las Choapas; Horacio Luna Garc\u00eda representante de RAN; Jos\u00e9 Arturo Anell Xotla; Sub representante jur\u00eddico de la Procuradur\u00eda Agraria; as\u00ed como la Regidora Primera, Alma Judith Esteban Bautista, quien tiene la Comisi\u00f3n de Desarrollo Econ\u00f3mico.<\/p>\n","protected":false},"excerpt":{"rendered":"<p>Visitas: 64 \u2014 Es el resultado de la suma de esfuerzos de los tres \u00f3rdenes de gobierno: Carmen Medel Palma. Minatitl\u00e1n, Ver. \u2014 En un evento encabezado por la Presidenta Municipal de Minatitl\u00e1n, Dra. Carmen Medel Palma; se dio certeza jur\u00eddica y justicia social a los campesinos de la regi\u00f3n minatitleca, otorgando 418 documentos agrarios. [&hellip;]<\/p>\n","protected":false},"author":2,"featured_media":190020,"comment_status":"open","ping_status":"open","sticky":false,"template":"","format":"standard","meta":{"footnotes":""},"categories":[243,241],"tags":[41],"class_list":{"0":"post-190017","1":"post","2":"type-post","3":"status-publish","4":"format-standard","5":"has-post-thumbnail","7":"category-minatitlan","8":"category-zona-sur","9":"tag-portada"},"nelio_content":{"isAutoShareEnabled":true,"autoShareEndMode":"never","automationSources":{"useCustomSentences":false,"customSentences":[]},"followers":[],"suggestedReferences":[],"efiUrl":"","efiAlt":"","highlights":[],"permalinkQueryArgs":[],"series":[]},"_links":{"self":[{"href":"https:\/\/www.enteratever.com\/2023\/wp-json\/wp\/v2\/posts\/190017","targetHints":{"allow":["GET"]}}],"collection":[{"href":"https:\/\/www.enteratever.com\/2023\/wp-json\/wp\/v2\/posts"}],"about":[{"href":"https:\/\/www.enteratever.com\/2023\/wp-json\/wp\/v2\/types\/post"}],"author":[{"embeddable":true,"href":"https:\/\/www.enteratever.com\/2023\/wp-json\/wp\/v2\/users\/2"}],"replies":[{"embeddable":true,"href":"https:\/\/www.enteratever.com\/2023\/wp-json\/wp\/v2\/comments?post=190017"}],"version-history":[{"count":1,"href":"https:\/\/www.enteratever.com\/2023\/wp-json\/wp\/v2\/posts\/190017\/revisions"}],"predecessor-version":[{"id":190023,"href":"https:\/\/www.enteratever.com\/2023\/wp-json\/wp\/v2\/posts\/190017\/revisions\/190023"}],"wp:featuredmedia":[{"embeddable":true,"href":"https:\/\/www.enteratever.com\/2023\/wp-json\/wp\/v2\/media\/190020"}],"wp:attachment":[{"href":"https:\/\/www.enteratever.com\/2023\/wp-json\/wp\/v2\/media?parent=190017"}],"wp:term":[{"taxonomy":"category","embeddable":true,"href":"https:\/\/www.enteratever.com\/2023\/wp-json\/wp\/v2\/categories?post=190017"},{"taxonomy":"post_tag","embeddable":true,"href":"https:\/\/www.enteratever.com\/2023\/wp-json\/wp\/v2\/tags?post=190017"}],"curies":[{"name":"wp","href":"https:\/\/api.w.org\/{rel}","templated":true}]}}