{"id":189613,"date":"2023-04-14T17:17:49","date_gmt":"2023-04-14T23:17:49","guid":{"rendered":"https:\/\/www.enteratever.com\/2023\/?p=189613"},"modified":"2023-04-17T11:32:32","modified_gmt":"2023-04-17T17:32:32","slug":"sesver-invertira-en-area-de-ecopediatria-del-hospital-regional-de-poza-rica","status":"publish","type":"post","link":"https:\/\/www.enteratever.com\/2023\/2023\/04\/14\/sesver-invertira-en-area-de-ecopediatria-del-hospital-regional-de-poza-rica\/","title":{"rendered":"Sesver invertir\u00e1 en \u00e1rea de oncolog\u00eda pedi\u00e1trica del Hospital Regional de Poza Rica."},"content":{"rendered":"<p>Visitas: 81<\/p>\n<p>El director administrativo de Servicios de Salud de Veracruz (SESVER), Jos\u00e9 Eduardo Sisniega Fern\u00e1ndez dio a conocer que para este 2023 se tiene contemplado en la zona norte la intervenci\u00f3n en el \u00e1rea de oncolog\u00eda pedi\u00e1trica. en el hospital Regional de Poza Rica, con el cual se busca poder contar con equipo m\u00e1s actualizado.<\/p>\n\n\n\n<p>Coment\u00f3 que desgraciadamente los gobiernos pasados se olvidaron de los hospitales, por lo que durante las vistas que ha realizado en los diferentes nosocomios en el estado ha detectado que existen un sinf\u00edn de necesidades, las cuales en este gobierno han trato de ir cubriendo poco a poco.<\/p>\n\n\n\n<p>Indic\u00f3 que en el caso del Hospital Regional de Poza Rica se detecto que esta \u00e1rea se encontraba muy olvidadas, por lo que se consider\u00f3 que lo fundamental es el actualizar el equipo con el que se trabaja, por lo que en los pr\u00f3ximos meses se estar\u00e1 dando a conocer los trabajos que se realizaron en esta \u00e1rea del hospital.<\/p>\n\n\n\n<p>Se\u00f1al\u00f3 que el anuncio por parte del secretario de Finanzas y Planeaci\u00f3n, Jos\u00e9 Luis Lima Franco de los mil millones de pesos que se tiene destinado para el rubro de salud es de gran apoyo para este sector, los cuales se estar\u00e1n ocupando para atender las principales necesidades que suelen tener los hospitales de la entidad veracruzana.<\/p>\n\n\n\n<p>Por otra parte dijo que los 800 centros de hospitales con los que cuentan Sesver en el estado estos se encuentran funcionando al 100 por ciento, adem\u00e1s de que se cuenta con el abastecimiento de medicamentos, pues se ha logrado que en las farmacias se les otorguen los medicamentos que se les solicitan a los ciudadanos.<\/p>\n\n\n\n<p><\/p>\n\n\n\n<figure class=\"wp-block-gallery has-nested-images columns-default td-modal-on-gallery wp-block-gallery-1 is-layout-flex wp-block-gallery-is-layout-flex\">\n<figure class=\"wp-block-image size-full\"><img loading=\"lazy\" decoding=\"async\" width=\"1280\" height=\"931\" data-id=\"189615\" src=\"https:\/\/www.enteratever.com\/2023\/wp-content\/uploads\/2023\/04\/WhatsApp-Image-2023-04-14-at-17.10.0.jpg\" alt=\"\" class=\"wp-image-189615\" srcset=\"https:\/\/www.enteratever.com\/2023\/wp-content\/uploads\/2023\/04\/WhatsApp-Image-2023-04-14-at-17.10.0.jpg 1280w, https:\/\/www.enteratever.com\/2023\/wp-content\/uploads\/2023\/04\/WhatsApp-Image-2023-04-14-at-17.10.0-300x218.jpg 300w, https:\/\/www.enteratever.com\/2023\/wp-content\/uploads\/2023\/04\/WhatsApp-Image-2023-04-14-at-17.10.0-1024x745.jpg 1024w, https:\/\/www.enteratever.com\/2023\/wp-content\/uploads\/2023\/04\/WhatsApp-Image-2023-04-14-at-17.10.0-768x559.jpg 768w, https:\/\/www.enteratever.com\/2023\/wp-content\/uploads\/2023\/04\/WhatsApp-Image-2023-04-14-at-17.10.0-150x109.jpg 150w, https:\/\/www.enteratever.com\/2023\/wp-content\/uploads\/2023\/04\/WhatsApp-Image-2023-04-14-at-17.10.0-696x506.jpg 696w, https:\/\/www.enteratever.com\/2023\/wp-content\/uploads\/2023\/04\/WhatsApp-Image-2023-04-14-at-17.10.0-1068x777.jpg 1068w\" sizes=\"auto, (max-width: 1280px) 100vw, 1280px\" \/><\/figure>\n\n\n\n<figure class=\"wp-block-image size-full\"><img loading=\"lazy\" decoding=\"async\" width=\"1280\" height=\"960\" data-id=\"189614\" src=\"https:\/\/www.enteratever.com\/2023\/wp-content\/uploads\/2023\/04\/WhatsApp-Image-2023-04-14-at-17.10.07.jpg\" alt=\"\" class=\"wp-image-189614\" srcset=\"https:\/\/www.enteratever.com\/2023\/wp-content\/uploads\/2023\/04\/WhatsApp-Image-2023-04-14-at-17.10.07.jpg 1280w, https:\/\/www.enteratever.com\/2023\/wp-content\/uploads\/2023\/04\/WhatsApp-Image-2023-04-14-at-17.10.07-300x225.jpg 300w, https:\/\/www.enteratever.com\/2023\/wp-content\/uploads\/2023\/04\/WhatsApp-Image-2023-04-14-at-17.10.07-1024x768.jpg 1024w, https:\/\/www.enteratever.com\/2023\/wp-content\/uploads\/2023\/04\/WhatsApp-Image-2023-04-14-at-17.10.07-768x576.jpg 768w, https:\/\/www.enteratever.com\/2023\/wp-content\/uploads\/2023\/04\/WhatsApp-Image-2023-04-14-at-17.10.07-150x113.jpg 150w, https:\/\/www.enteratever.com\/2023\/wp-content\/uploads\/2023\/04\/WhatsApp-Image-2023-04-14-at-17.10.07-696x522.jpg 696w, https:\/\/www.enteratever.com\/2023\/wp-content\/uploads\/2023\/04\/WhatsApp-Image-2023-04-14-at-17.10.07-1068x801.jpg 1068w\" sizes=\"auto, (max-width: 1280px) 100vw, 1280px\" \/><\/figure>\n<\/figure>\n","protected":false},"excerpt":{"rendered":"<p>Visitas: 81 El director administrativo de Servicios de Salud de Veracruz (SESVER), Jos\u00e9 Eduardo Sisniega Fern\u00e1ndez dio a conocer que para este 2023 se tiene contemplado en la zona norte la intervenci\u00f3n en el \u00e1rea de oncolog\u00eda pedi\u00e1trica. en el hospital Regional de Poza Rica, con el cual se busca poder contar con equipo m\u00e1s [&hellip;]<\/p>\n","protected":false},"author":4,"featured_media":189616,"comment_status":"open","ping_status":"open","sticky":false,"template":"","format":"standard","meta":{"footnotes":""},"categories":[299,213,219],"tags":[41],"class_list":{"0":"post-189613","1":"post","2":"type-post","3":"status-publish","4":"format-standard","5":"has-post-thumbnail","7":"category-notas-locales","8":"category-poza-rica","9":"category-zona-norte","10":"tag-portada"},"nelio_content":{"isAutoShareEnabled":true,"autoShareEndMode":"never","automationSources":{"useCustomSentences":false,"customSentences":[]},"followers":[],"suggestedReferences":[],"efiUrl":"","efiAlt":"","highlights":[],"permalinkQueryArgs":[],"series":[]},"_links":{"self":[{"href":"https:\/\/www.enteratever.com\/2023\/wp-json\/wp\/v2\/posts\/189613","targetHints":{"allow":["GET"]}}],"collection":[{"href":"https:\/\/www.enteratever.com\/2023\/wp-json\/wp\/v2\/posts"}],"about":[{"href":"https:\/\/www.enteratever.com\/2023\/wp-json\/wp\/v2\/types\/post"}],"author":[{"embeddable":true,"href":"https:\/\/www.enteratever.com\/2023\/wp-json\/wp\/v2\/users\/4"}],"replies":[{"embeddable":true,"href":"https:\/\/www.enteratever.com\/2023\/wp-json\/wp\/v2\/comments?post=189613"}],"version-history":[{"count":2,"href":"https:\/\/www.enteratever.com\/2023\/wp-json\/wp\/v2\/posts\/189613\/revisions"}],"predecessor-version":[{"id":189624,"href":"https:\/\/www.enteratever.com\/2023\/wp-json\/wp\/v2\/posts\/189613\/revisions\/189624"}],"wp:featuredmedia":[{"embeddable":true,"href":"https:\/\/www.enteratever.com\/2023\/wp-json\/wp\/v2\/media\/189616"}],"wp:attachment":[{"href":"https:\/\/www.enteratever.com\/2023\/wp-json\/wp\/v2\/media?parent=189613"}],"wp:term":[{"taxonomy":"category","embeddable":true,"href":"https:\/\/www.enteratever.com\/2023\/wp-json\/wp\/v2\/categories?post=189613"},{"taxonomy":"post_tag","embeddable":true,"href":"https:\/\/www.enteratever.com\/2023\/wp-json\/wp\/v2\/tags?post=189613"}],"curies":[{"name":"wp","href":"https:\/\/api.w.org\/{rel}","templated":true}]}}