{"id":189361,"date":"2023-04-12T11:11:00","date_gmt":"2023-04-12T17:11:00","guid":{"rendered":"https:\/\/www.enteratever.com\/2023\/?p=189361"},"modified":"2023-04-12T09:14:00","modified_gmt":"2023-04-12T15:14:00","slug":"carmen-medel-inaugura-pavimentacion-drenaje-sanitario-y-agua-potable-de-la-calle-independencia","status":"publish","type":"post","link":"https:\/\/www.enteratever.com\/2023\/2023\/04\/12\/carmen-medel-inaugura-pavimentacion-drenaje-sanitario-y-agua-potable-de-la-calle-independencia\/","title":{"rendered":"Carmen Medel inaugura pavimentaci\u00f3n, drenaje sanitario y agua potable de la calle Independencia"},"content":{"rendered":"<p>Visitas: 35<\/p>\n<p>Minatitl\u00e1n, Ver. \u2013 Con gran entusiasmo, porras y carteles de agradecimiento fue como habitantes de la colonia Insurgentes Norte, recibieron a la Presidenta Municipal, Dra. Carmen Medel Palma, quien inaugur\u00f3 la pavimentaci\u00f3n de la calle Independencia, entre las calles 2 de Octubre y callej\u00f3n 2000.<\/p>\n\n\n\n<p>A trav\u00e9s de su discurso, dijo que despu\u00e9s de varios meses de intensas jornadas de trabajo y con una inversi\u00f3n total de 6 millones 360 mil 904 pesos y 47 centavos, se realiz\u00f3 tan importante proyecto que consisti\u00f3 en la construcci\u00f3n de 2 mil 400 metros cuadrados de pavimento con resistencia a la flexi\u00f3n y 535 metros de guarniciones y banquetas.<\/p>\n\n\n\n<p>Adem\u00e1s de la rehabilitaci\u00f3n de 287 metros lineales de la red de drenaje y 219 metros lineales de la red de agua entubada, beneficiando a m\u00e1s de 7 mil 400 habitantes directa e indirectamente.<\/p>\n\n\n\n<p>\u201cCon estas acciones transformamos esta noble tierra de gente trabajadora, ciudadanos que confiaron para que en Minatitl\u00e1n existiera un cambio verdadero, con calles pavimentadas y servicios p\u00fablicos de primera, lo que garantiza bienestar y tranquilidad a todos los habitantes, adem\u00e1s de elevar la plusval\u00eda de sus hogares\u201d expres\u00f3 a los vecinos presentes.<\/p>\n\n\n\n<p>Tambi\u00e9n exhort\u00f3 a la poblaci\u00f3n a que se sumen a las faenas urbanas, las cuales consisten en mantener las calles limpias, y barrer el frente de sus casas, lo que contribuye a mejorar la imagen del municipio que florece.<\/p>\n\n\n\n<p>Acompa\u00f1ada del S\u00edndico \u00danico, Francisco Andrade Molina y los regidores Jes\u00fas Adri\u00e1n Peralta M\u00e1rquez, Romina Gurri\u00f3n V\u00e1squez, Naomi Edith G\u00f3mez Santos, Isela Iturralde Alvarado, as\u00ed como la Contralora, Graciela Gonz\u00e1lez Mart\u00ednez, realizaron el corte de list\u00f3n y la develaci\u00f3n de placa con el nombre de la calle.<\/p>\n\n\n\n<p>En el lugar tambi\u00e9n estuvieron presentes: la titular de Obras P\u00fablicas, Carmela Mill\u00e1n Fonseca; Jos\u00e9 Luis Castillejos, responsable del Despacho de Direcci\u00f3n General de Ordenamiento Territorial y Sustentabilidad; y Luis Octavio Villanueva, director de Participaci\u00f3n Ciudadana.<\/p>\n","protected":false},"excerpt":{"rendered":"<p>Visitas: 35 Minatitl\u00e1n, Ver. \u2013 Con gran entusiasmo, porras y carteles de agradecimiento fue como habitantes de la colonia Insurgentes Norte, recibieron a la Presidenta Municipal, Dra. Carmen Medel Palma, quien inaugur\u00f3 la pavimentaci\u00f3n de la calle Independencia, entre las calles 2 de Octubre y callej\u00f3n 2000. A trav\u00e9s de su discurso, dijo que despu\u00e9s [&hellip;]<\/p>\n","protected":false},"author":2,"featured_media":189370,"comment_status":"open","ping_status":"open","sticky":false,"template":"","format":"standard","meta":{"footnotes":""},"categories":[243,241],"tags":[],"class_list":{"0":"post-189361","1":"post","2":"type-post","3":"status-publish","4":"format-standard","5":"has-post-thumbnail","7":"category-minatitlan","8":"category-zona-sur"},"nelio_content":{"isAutoShareEnabled":true,"autoShareEndMode":"never","automationSources":{"useCustomSentences":false,"customSentences":[]},"followers":[],"suggestedReferences":[],"efiUrl":"","efiAlt":"","highlights":[],"permalinkQueryArgs":[],"series":[]},"_links":{"self":[{"href":"https:\/\/www.enteratever.com\/2023\/wp-json\/wp\/v2\/posts\/189361","targetHints":{"allow":["GET"]}}],"collection":[{"href":"https:\/\/www.enteratever.com\/2023\/wp-json\/wp\/v2\/posts"}],"about":[{"href":"https:\/\/www.enteratever.com\/2023\/wp-json\/wp\/v2\/types\/post"}],"author":[{"embeddable":true,"href":"https:\/\/www.enteratever.com\/2023\/wp-json\/wp\/v2\/users\/2"}],"replies":[{"embeddable":true,"href":"https:\/\/www.enteratever.com\/2023\/wp-json\/wp\/v2\/comments?post=189361"}],"version-history":[{"count":1,"href":"https:\/\/www.enteratever.com\/2023\/wp-json\/wp\/v2\/posts\/189361\/revisions"}],"predecessor-version":[{"id":189369,"href":"https:\/\/www.enteratever.com\/2023\/wp-json\/wp\/v2\/posts\/189361\/revisions\/189369"}],"wp:featuredmedia":[{"embeddable":true,"href":"https:\/\/www.enteratever.com\/2023\/wp-json\/wp\/v2\/media\/189370"}],"wp:attachment":[{"href":"https:\/\/www.enteratever.com\/2023\/wp-json\/wp\/v2\/media?parent=189361"}],"wp:term":[{"taxonomy":"category","embeddable":true,"href":"https:\/\/www.enteratever.com\/2023\/wp-json\/wp\/v2\/categories?post=189361"},{"taxonomy":"post_tag","embeddable":true,"href":"https:\/\/www.enteratever.com\/2023\/wp-json\/wp\/v2\/tags?post=189361"}],"curies":[{"name":"wp","href":"https:\/\/api.w.org\/{rel}","templated":true}]}}