{"id":188871,"date":"2023-04-02T20:13:58","date_gmt":"2023-04-03T02:13:58","guid":{"rendered":"https:\/\/www.enteratever.com\/2023\/?p=188871"},"modified":"2023-04-02T20:14:02","modified_gmt":"2023-04-03T02:14:02","slug":"nadie-se-quedara-fuera-del-itspr-jesus-huerta-chua","status":"publish","type":"post","link":"https:\/\/www.enteratever.com\/2023\/2023\/04\/02\/nadie-se-quedara-fuera-del-itspr-jesus-huerta-chua\/","title":{"rendered":"Nadie se quedar\u00e1 fuera del ITSPR: Jes\u00fas Huerta Chua"},"content":{"rendered":"<p>Visitas: 56<\/p>\n<p>\u2022 ITSPR ser\u00e1 sede de la Feria Estatal Educativa el pr\u00f3ximo 19 de abril.<\/p>\n\n\n\n<p>Por: Pablo Espidio.<\/p>\n\n\n\n<p>De acuerdo con el director del Instituto Tecnol\u00f3gico Superior de Poza Rica (ITSPR) Jes\u00fas Huerta Chua, dio a conocer que la convocatoria para ingresar al plantel educativo ha tenido mucho \u00e9xito, ya que actualmente se han entregado un total de 700 fichas a los aspirantes, por lo que aun quedan varios lugares disponibles.<\/p>\n\n\n\n<p>En entrevista coment\u00f3 que el registro de aspirantes al ITSPR se realiza a trav\u00e9s de v\u00eda Internet en la p\u00e1gina oficial de la escuela y el examen de admisi\u00f3n se tiene programado para que se lleve a cabo en la primera quincena del mes de julio, en donde se les estar\u00e1 brindando m\u00e1s informaci\u00f3n a los j\u00f3venes.<\/p>\n\n\n\n<p>Manifest\u00f3 que son un promedio de mil 500 fichas que se estar\u00e1n entregando a los j\u00f3venes asistentes, destac\u00f3 que nadie se va a quedar afuera del plantel si cumplen con todos los requisitos que vienen especificados en la convocatoria, ya que se tiene contemplado recibir hasta mil 600 nuevos estudiantes.<\/p>\n\n\n\n<p>Jes\u00fas Huerta Chua dijo que la fecha l\u00edmite para realizar la entrega de fichas es el 30 de junio, pero esperan poder entregar las mil 500 ya que se comenzar\u00e1 con los trabajos de promoci\u00f3n del plantel, ya que Gobierno del Estado estar\u00e1 realizando La Feria Estatal Educativa el pr\u00f3ximo 19 de abril.<\/p>\n\n\n\n<p>En este sentido dijo que pro primera vez el plantel ser\u00e1 sede de este evento, ser\u00e1n 21 sedes en la entidad, por lo que en esta regi\u00f3n se contempla a Papantla, Poza Rica y Tuxpan, el evento forma parte de \u00f1a estrategia \u201cRechazo Cero\u201d, estrategia que busca que los j\u00f3venes tengan acceso a una educaci\u00f3n media superior, superior y hasta maestr\u00eda.<\/p>\n\n\n\n<div><a href=\"https:\/\/www.enteratever.com\/2023\/wp-content\/uploads\/2023\/04\/WhatsApp-Image-2023-04-02-at-17.37.54-1024x768.jpg\" class=\"td-modal-image\"><figure class=\"wp-block-image size-large\"><img loading=\"lazy\" decoding=\"async\" width=\"1024\" height=\"768\" src=\"https:\/\/www.enteratever.com\/2023\/wp-content\/uploads\/2023\/04\/WhatsApp-Image-2023-04-02-at-17.37.54-1024x768.jpg\" alt=\"\" class=\"wp-image-188876\" srcset=\"https:\/\/www.enteratever.com\/2023\/wp-content\/uploads\/2023\/04\/WhatsApp-Image-2023-04-02-at-17.37.54-1024x768.jpg 1024w, https:\/\/www.enteratever.com\/2023\/wp-content\/uploads\/2023\/04\/WhatsApp-Image-2023-04-02-at-17.37.54-300x225.jpg 300w, https:\/\/www.enteratever.com\/2023\/wp-content\/uploads\/2023\/04\/WhatsApp-Image-2023-04-02-at-17.37.54-768x576.jpg 768w, https:\/\/www.enteratever.com\/2023\/wp-content\/uploads\/2023\/04\/WhatsApp-Image-2023-04-02-at-17.37.54-150x113.jpg 150w, https:\/\/www.enteratever.com\/2023\/wp-content\/uploads\/2023\/04\/WhatsApp-Image-2023-04-02-at-17.37.54-696x522.jpg 696w, https:\/\/www.enteratever.com\/2023\/wp-content\/uploads\/2023\/04\/WhatsApp-Image-2023-04-02-at-17.37.54-1068x801.jpg 1068w, https:\/\/www.enteratever.com\/2023\/wp-content\/uploads\/2023\/04\/WhatsApp-Image-2023-04-02-at-17.37.54.jpg 1280w\" sizes=\"auto, (max-width: 1024px) 100vw, 1024px\" \/><\/figure><\/a><\/div>\n","protected":false},"excerpt":{"rendered":"<p>Visitas: 56 \u2022 ITSPR ser\u00e1 sede de la Feria Estatal Educativa el pr\u00f3ximo 19 de abril. Por: Pablo Espidio. De acuerdo con el director del Instituto Tecnol\u00f3gico Superior de Poza Rica (ITSPR) Jes\u00fas Huerta Chua, dio a conocer que la convocatoria para ingresar al plantel educativo ha tenido mucho \u00e9xito, ya que actualmente se han [&hellip;]<\/p>\n","protected":false},"author":4,"featured_media":188874,"comment_status":"open","ping_status":"open","sticky":false,"template":"","format":"standard","meta":{"footnotes":""},"categories":[299,213,219],"tags":[41],"class_list":{"0":"post-188871","1":"post","2":"type-post","3":"status-publish","4":"format-standard","5":"has-post-thumbnail","7":"category-notas-locales","8":"category-poza-rica","9":"category-zona-norte","10":"tag-portada"},"nelio_content":{"isAutoShareEnabled":true,"autoShareEndMode":"never","automationSources":{"useCustomSentences":false,"customSentences":[]},"followers":[],"suggestedReferences":[],"efiUrl":"","efiAlt":"","highlights":[],"permalinkQueryArgs":[],"series":[]},"_links":{"self":[{"href":"https:\/\/www.enteratever.com\/2023\/wp-json\/wp\/v2\/posts\/188871","targetHints":{"allow":["GET"]}}],"collection":[{"href":"https:\/\/www.enteratever.com\/2023\/wp-json\/wp\/v2\/posts"}],"about":[{"href":"https:\/\/www.enteratever.com\/2023\/wp-json\/wp\/v2\/types\/post"}],"author":[{"embeddable":true,"href":"https:\/\/www.enteratever.com\/2023\/wp-json\/wp\/v2\/users\/4"}],"replies":[{"embeddable":true,"href":"https:\/\/www.enteratever.com\/2023\/wp-json\/wp\/v2\/comments?post=188871"}],"version-history":[{"count":1,"href":"https:\/\/www.enteratever.com\/2023\/wp-json\/wp\/v2\/posts\/188871\/revisions"}],"predecessor-version":[{"id":188877,"href":"https:\/\/www.enteratever.com\/2023\/wp-json\/wp\/v2\/posts\/188871\/revisions\/188877"}],"wp:featuredmedia":[{"embeddable":true,"href":"https:\/\/www.enteratever.com\/2023\/wp-json\/wp\/v2\/media\/188874"}],"wp:attachment":[{"href":"https:\/\/www.enteratever.com\/2023\/wp-json\/wp\/v2\/media?parent=188871"}],"wp:term":[{"taxonomy":"category","embeddable":true,"href":"https:\/\/www.enteratever.com\/2023\/wp-json\/wp\/v2\/categories?post=188871"},{"taxonomy":"post_tag","embeddable":true,"href":"https:\/\/www.enteratever.com\/2023\/wp-json\/wp\/v2\/tags?post=188871"}],"curies":[{"name":"wp","href":"https:\/\/api.w.org\/{rel}","templated":true}]}}