{"id":188567,"date":"2023-03-27T16:37:15","date_gmt":"2023-03-27T22:37:15","guid":{"rendered":"https:\/\/www.enteratever.com\/2023\/?p=188567"},"modified":"2023-03-27T16:37:17","modified_gmt":"2023-03-27T22:37:17","slug":"hay-negativa-de-incorporar-habla-de-los-pueblos-en-libros-considera-amlo","status":"publish","type":"post","link":"https:\/\/www.enteratever.com\/2023\/2023\/03\/27\/hay-negativa-de-incorporar-habla-de-los-pueblos-en-libros-considera-amlo\/","title":{"rendered":"Hay negativa de incorporar \u00abhabla de los pueblos\u00bb en libros, considera AMLO"},"content":{"rendered":"<p>Visitas: 10<\/p>\n<p>El presidente Andr\u00e9s Manuel L\u00f3pez Obrador reconoci\u00f3 que existe pol\u00e9mica sobre los cambios propuestos en los libros de texto gratuito porque hay una negativa a incorporar lenguas ind\u00edgenas.<\/p>\n\n\n\n<p>En conferencia de prensa ma\u00f1anera, el presidente coment\u00f3:<\/p>\n\n\n\n<p>\u201cHay pol\u00e9mica por los nuevos libros de texto porque no quieren que se incorpore el habla de los pueblos, quieren que todos hablemos f\u00edsico, con tecnicismos, M\u00e9xico es un mosaico cultural y la lengua tiene que ver con las ra\u00edces de las culturas antiguas\u201d.<\/p>\n\n\n\n<p>El mandatario se\u00f1al\u00f3 que los libros de texto eran tomados como un negocio, y que \u00e9stos se imprim\u00edan en Espa\u00f1a.<\/p>\n\n\n\n<p>Fuente: XEU<\/p>\n","protected":false},"excerpt":{"rendered":"<p>Visitas: 10 El presidente Andr\u00e9s Manuel L\u00f3pez Obrador reconoci\u00f3 que existe pol\u00e9mica sobre los cambios propuestos en los libros de texto gratuito porque hay una negativa a incorporar lenguas ind\u00edgenas. En conferencia de prensa ma\u00f1anera, el presidente coment\u00f3: \u201cHay pol\u00e9mica por los nuevos libros de texto porque no quieren que se incorpore el habla de [&hellip;]<\/p>\n","protected":false},"author":2,"featured_media":185576,"comment_status":"open","ping_status":"open","sticky":false,"template":"","format":"standard","meta":{"footnotes":""},"categories":[252],"tags":[],"class_list":{"0":"post-188567","1":"post","2":"type-post","3":"status-publish","4":"format-standard","5":"has-post-thumbnail","7":"category-nacionales"},"nelio_content":{"isAutoShareEnabled":true,"autoShareEndMode":"never","automationSources":{"useCustomSentences":false,"customSentences":[]},"followers":[],"suggestedReferences":[],"efiUrl":"","efiAlt":"","highlights":[],"permalinkQueryArgs":[],"series":[]},"_links":{"self":[{"href":"https:\/\/www.enteratever.com\/2023\/wp-json\/wp\/v2\/posts\/188567","targetHints":{"allow":["GET"]}}],"collection":[{"href":"https:\/\/www.enteratever.com\/2023\/wp-json\/wp\/v2\/posts"}],"about":[{"href":"https:\/\/www.enteratever.com\/2023\/wp-json\/wp\/v2\/types\/post"}],"author":[{"embeddable":true,"href":"https:\/\/www.enteratever.com\/2023\/wp-json\/wp\/v2\/users\/2"}],"replies":[{"embeddable":true,"href":"https:\/\/www.enteratever.com\/2023\/wp-json\/wp\/v2\/comments?post=188567"}],"version-history":[{"count":1,"href":"https:\/\/www.enteratever.com\/2023\/wp-json\/wp\/v2\/posts\/188567\/revisions"}],"predecessor-version":[{"id":188568,"href":"https:\/\/www.enteratever.com\/2023\/wp-json\/wp\/v2\/posts\/188567\/revisions\/188568"}],"wp:featuredmedia":[{"embeddable":true,"href":"https:\/\/www.enteratever.com\/2023\/wp-json\/wp\/v2\/media\/185576"}],"wp:attachment":[{"href":"https:\/\/www.enteratever.com\/2023\/wp-json\/wp\/v2\/media?parent=188567"}],"wp:term":[{"taxonomy":"category","embeddable":true,"href":"https:\/\/www.enteratever.com\/2023\/wp-json\/wp\/v2\/categories?post=188567"},{"taxonomy":"post_tag","embeddable":true,"href":"https:\/\/www.enteratever.com\/2023\/wp-json\/wp\/v2\/tags?post=188567"}],"curies":[{"name":"wp","href":"https:\/\/api.w.org\/{rel}","templated":true}]}}