{"id":187346,"date":"2023-03-08T09:16:48","date_gmt":"2023-03-08T15:16:48","guid":{"rendered":"https:\/\/www.enteratever.com\/2023\/?p=187346"},"modified":"2023-03-08T09:16:50","modified_gmt":"2023-03-08T15:16:50","slug":"llevan-charla-mujeres-en-la-historia-del-cafe-en-conmemoracion-del-8-de-marzo","status":"publish","type":"post","link":"https:\/\/www.enteratever.com\/2023\/2023\/03\/08\/llevan-charla-mujeres-en-la-historia-del-cafe-en-conmemoracion-del-8-de-marzo\/","title":{"rendered":"Llevan charla \u201cMujeres en la Historia del Caf\u00e9\u201d en conmemoraci\u00f3n del 8 de marzo"},"content":{"rendered":"<p>Visitas: 16<\/p>\n<p>En el marco del D\u00eda Internacional de la Mujer, cuya conmemoraci\u00f3n es el 8 de marzo, se llev\u00f3 a cabo la charla \u201cMujeres en la Historia del Caf\u00e9\u201d, a cargo de la maestra Susana C\u00f3rdoba Santa Mar\u00eda, investigadora de la Universidad Aut\u00f3noma de Chapingo, quien busc\u00f3 visibilizar la participaci\u00f3n de la f\u00e9mina dentro del sector cafetalero.<\/p>\n\n\n\n<p>\u201cBuscamos hacer un recorrido visual e hist\u00f3rico sobre el papel de la mujer dentro de todos los procesos del caf\u00e9, desde la producci\u00f3n, transformaci\u00f3n, comercializaci\u00f3n y consumo del arom\u00e1tico, hoy d\u00eda estamos en un momento muy cambiante, moderno y global en el cual la mujer tiene un papel fundamental e incluso que han obtenido premios y reconocimientos por su aportaci\u00f3n\u201d, mencion\u00f3 la investigadora.<\/p>\n\n\n\n<p>Por su parte Valeria Pital\u00faa Yunes, Coordinadora de Turismo del Ayuntamiento de C\u00f3rdoba agreg\u00f3, que paralelo a los eventos de la d\u00e9cima edici\u00f3n de la \u201cTaza de Excelencia\u201d se contempl\u00f3 este evento con la intenci\u00f3n de destacar el papel de la mujer, tomando en cuenta la historia que guarda la ciudad en este tema.<\/p>\n\n\n\n<p>En su charla, C\u00f3rdoba Santa Mar\u00eda enarbol\u00f3 la idea fundamental de que las mujeres construyen a partir de los valores familiares, a diferencia del hombre, aun cuando debe de hacer frente a temas dif\u00edciles, es decir, que la participaci\u00f3n de este sector, no se limita solo a mujeres cortadoras, sino a otros alcances.<\/p>\n","protected":false},"excerpt":{"rendered":"<p>Visitas: 16 En el marco del D\u00eda Internacional de la Mujer, cuya conmemoraci\u00f3n es el 8 de marzo, se llev\u00f3 a cabo la charla \u201cMujeres en la Historia del Caf\u00e9\u201d, a cargo de la maestra Susana C\u00f3rdoba Santa Mar\u00eda, investigadora de la Universidad Aut\u00f3noma de Chapingo, quien busc\u00f3 visibilizar la participaci\u00f3n de la f\u00e9mina dentro [&hellip;]<\/p>\n","protected":false},"author":2,"featured_media":187350,"comment_status":"open","ping_status":"open","sticky":false,"template":"","format":"standard","meta":{"footnotes":""},"categories":[239,236],"tags":[271,248,270],"class_list":{"0":"post-187346","1":"post","2":"type-post","3":"status-publish","4":"format-standard","5":"has-post-thumbnail","7":"category-cordoba","8":"category-zona-centro","9":"tag-8m","10":"tag-cordoba","11":"tag-mujeres-en-la-historia-del-cafe"},"nelio_content":{"isAutoShareEnabled":true,"autoShareEndMode":"never","automationSources":{"useCustomSentences":false,"customSentences":[]},"followers":[],"suggestedReferences":[],"efiUrl":"","efiAlt":"","highlights":[],"permalinkQueryArgs":[],"series":[]},"_links":{"self":[{"href":"https:\/\/www.enteratever.com\/2023\/wp-json\/wp\/v2\/posts\/187346","targetHints":{"allow":["GET"]}}],"collection":[{"href":"https:\/\/www.enteratever.com\/2023\/wp-json\/wp\/v2\/posts"}],"about":[{"href":"https:\/\/www.enteratever.com\/2023\/wp-json\/wp\/v2\/types\/post"}],"author":[{"embeddable":true,"href":"https:\/\/www.enteratever.com\/2023\/wp-json\/wp\/v2\/users\/2"}],"replies":[{"embeddable":true,"href":"https:\/\/www.enteratever.com\/2023\/wp-json\/wp\/v2\/comments?post=187346"}],"version-history":[{"count":1,"href":"https:\/\/www.enteratever.com\/2023\/wp-json\/wp\/v2\/posts\/187346\/revisions"}],"predecessor-version":[{"id":187351,"href":"https:\/\/www.enteratever.com\/2023\/wp-json\/wp\/v2\/posts\/187346\/revisions\/187351"}],"wp:featuredmedia":[{"embeddable":true,"href":"https:\/\/www.enteratever.com\/2023\/wp-json\/wp\/v2\/media\/187350"}],"wp:attachment":[{"href":"https:\/\/www.enteratever.com\/2023\/wp-json\/wp\/v2\/media?parent=187346"}],"wp:term":[{"taxonomy":"category","embeddable":true,"href":"https:\/\/www.enteratever.com\/2023\/wp-json\/wp\/v2\/categories?post=187346"},{"taxonomy":"post_tag","embeddable":true,"href":"https:\/\/www.enteratever.com\/2023\/wp-json\/wp\/v2\/tags?post=187346"}],"curies":[{"name":"wp","href":"https:\/\/api.w.org\/{rel}","templated":true}]}}