{"id":186696,"date":"2023-03-01T10:10:00","date_gmt":"2023-03-01T16:10:00","guid":{"rendered":"https:\/\/www.enteratever.com\/2023\/?p=186696"},"modified":"2023-03-01T09:09:15","modified_gmt":"2023-03-01T15:09:15","slug":"se-inaugura-en-tuxpan-la-sala-regional-norte-del-tribunal-de-justicia-administrativa-del-estado-de-veracruz","status":"publish","type":"post","link":"https:\/\/www.enteratever.com\/2023\/2023\/03\/01\/se-inaugura-en-tuxpan-la-sala-regional-norte-del-tribunal-de-justicia-administrativa-del-estado-de-veracruz\/","title":{"rendered":"Se inaugura en Tuxpan la Sala Regional Norte del Tribunal de Justicia Administrativa del Estado de Veracruz"},"content":{"rendered":"<p>Visitas: 58<\/p>\n<p>El presidente municipal Jos\u00e9 Manuel Pozos Castro acompa\u00f1\u00f3 esta ma\u00f1ana a la Lic. Leticia Aguilar Jim\u00e9nez, Magistrada Presidenta del Tribunal de Justicia Administrativa del Estado de Veracruz, en la inauguraci\u00f3n de la Sala Regional Unitaria Norte, del TRIJAEV.<\/p>\n\n\n\n<p>Tambi\u00e9n estuvieron presentes el Ing. Auber Rueda Hern\u00e1ndez, director de Pol\u00edtica Regional en Tuxpan, en representaci\u00f3n del gobernador Ing. Cuitl\u00e1huac Garc\u00eda Jim\u00e9nez; el Lic. Roberto Eduardo Sigala Aguilar, Magistrado Titular de la Sala Regional Unitaria Norte; las magistradas Rosalba Garc\u00eda Salazar y Diana Estela Arostegui Carballo, integrantes del pleno de las ponencias 2 y 3.<\/p>\n\n\n\n<p>El consejero Humberto Hern\u00e1ndez Reducindo, en representaci\u00f3n de la Magistrada Lisbeth Aurelia Jim\u00e9nez Aguirre, Presidenta del Poder Judicial y Consejo de la Judicatura del Estado de Veracruz, y Antonio Sobrevilla Castillo, Magistrado del Poder Judicial.<\/p>\n\n\n\n<p>Al hacer uso de la voz, el alcalde Jos\u00e9 Manuel Pozos Castro indic\u00f3 que cuando se acerca el acceso a la justicia a los ciudadanos, se da un gran paso en la defensa efectiva de sus derechos y libertades fundamentales: \u201cHoy en Veracruz se facilita y se favorece no s\u00f3lo el acceso a la justicia, sino tambi\u00e9n a una aplicaci\u00f3n efectiva de la misma\u201d.<\/p>\n\n\n\n<p>En ese sentido, agradeci\u00f3 que la justicia administrativa se haya acercado a Tuxpan a trav\u00e9s de la Sala Regional Unitaria Norte del Tribunal de Justicia Administrativa del Estado, la cual permitir\u00e1 a la poblaci\u00f3n del municipio y de todo el norte del estado tener una justicia pronta y cercana.<\/p>\n\n\n\n<p>Reconoci\u00f3 el trabajo del titular de la Sala Regional, Magistrado Roberto Eduardo Sigala Aguilar, a quien defini\u00f3 como un hombre de probada capacidad, honesto y con gran calidad humana; por lo que la sala estar\u00e1 en las mejores manos.<\/p>\n\n\n\n<p>Por su parte, la Magistrada Leticia Aguilar se\u00f1al\u00f3 que con esta sala se est\u00e1 cumpliendo con el compromiso de servir y garantizar a la poblaci\u00f3n veracruzana -sin distingo- el acceso a la justicia administrativa: \u201cSe busca dar cumplimiento al encargo conferido y a las funciones que marca la ley para hacer un tribunal equitativo, igualitario y de firmeza e imparcialidad para la poblaci\u00f3n veracruzana\u201d.<\/p>\n\n\n\n<p>Indic\u00f3 que se tiene la convicci\u00f3n de que la justicia administrativa debe llegar a todos los rincones del estado, y que debe ser accesible y garante para todos, y para ello ahora se tienen salas en Tuxpan para la zona norte, en Xalapa para la regi\u00f3n centro, y en Coatzacoalcos para el sur.<\/p>\n\n\n\n<p>\u201cHoy se inicia una nueva etapa, estoy segura de que con el esfuerzo de todas y todos los que conformamos este Tribunal se cumplir\u00e1 el objetivo. Que los trabajos que a partir del 2 de marzo inicia el equipo humano del TRIJAEV sea ejemplar y referente de que con justicia hay transformaci\u00f3n\u201d, concluy\u00f3.<\/p>\n\n\n\n<p>Luego del corte del list\u00f3n, el Magistrado Roberto Eduardo Sigala dirigi\u00f3 un recorrido por las diferentes \u00e1reas de la sala, donde las autoridades y los invitados especiales pudieron conocer las mesas de tr\u00e1mite, el \u00e1rea de archivo y actuar\u00eda, la secretar\u00eda de acuerdos y la oficina del titular.<\/p>\n\n\n\n<p>Como invitados a la inauguraci\u00f3n de esta sala asistieron Luis Manuel Salazar D\u00edaz, director de Planeaci\u00f3n de SEFIPLAN, en representaci\u00f3n del secretario Jos\u00e9 Luis Lima Franco; Daniel Anaya, en representaci\u00f3n del alcalde de Poza Rica, Fernando Remes Garza; el Prof. On\u00e9simo P\u00e9rez Ramos, delegado de la SEV en Tuxpan, en representaci\u00f3n del secretario de Educaci\u00f3n, Zenyazen Escobar.<\/p>\n\n\n\n<p>La regidora de Tuxpan Lucero Res\u00e9ndis Ambrocio y el regidor Axel Bernal Herrera; el Lic. Daniel Cortina Mart\u00ednez, secretario t\u00e9cnico del Ayuntamiento; y el Lic. Eduardo Andrade Rocha, director de Asuntos Jur\u00eddicos del Ayuntamiento de Tuxpan.<\/p>\n","protected":false},"excerpt":{"rendered":"<p>Visitas: 58 El presidente municipal Jos\u00e9 Manuel Pozos Castro acompa\u00f1\u00f3 esta ma\u00f1ana a la Lic. Leticia Aguilar Jim\u00e9nez, Magistrada Presidenta del Tribunal de Justicia Administrativa del Estado de Veracruz, en la inauguraci\u00f3n de la Sala Regional Unitaria Norte, del TRIJAEV. Tambi\u00e9n estuvieron presentes el Ing. Auber Rueda Hern\u00e1ndez, director de Pol\u00edtica Regional en Tuxpan, en [&hellip;]<\/p>\n","protected":false},"author":2,"featured_media":186700,"comment_status":"open","ping_status":"open","sticky":false,"template":"","format":"standard","meta":{"footnotes":""},"categories":[299,220,219],"tags":[],"class_list":{"0":"post-186696","1":"post","2":"type-post","3":"status-publish","4":"format-standard","5":"has-post-thumbnail","7":"category-notas-locales","8":"category-tuxpan","9":"category-zona-norte"},"nelio_content":{"isAutoShareEnabled":true,"autoShareEndMode":"never","automationSources":{"useCustomSentences":false,"customSentences":[]},"followers":[],"suggestedReferences":[],"efiUrl":"","efiAlt":"","highlights":[],"permalinkQueryArgs":[],"series":[]},"_links":{"self":[{"href":"https:\/\/www.enteratever.com\/2023\/wp-json\/wp\/v2\/posts\/186696","targetHints":{"allow":["GET"]}}],"collection":[{"href":"https:\/\/www.enteratever.com\/2023\/wp-json\/wp\/v2\/posts"}],"about":[{"href":"https:\/\/www.enteratever.com\/2023\/wp-json\/wp\/v2\/types\/post"}],"author":[{"embeddable":true,"href":"https:\/\/www.enteratever.com\/2023\/wp-json\/wp\/v2\/users\/2"}],"replies":[{"embeddable":true,"href":"https:\/\/www.enteratever.com\/2023\/wp-json\/wp\/v2\/comments?post=186696"}],"version-history":[{"count":1,"href":"https:\/\/www.enteratever.com\/2023\/wp-json\/wp\/v2\/posts\/186696\/revisions"}],"predecessor-version":[{"id":186707,"href":"https:\/\/www.enteratever.com\/2023\/wp-json\/wp\/v2\/posts\/186696\/revisions\/186707"}],"wp:featuredmedia":[{"embeddable":true,"href":"https:\/\/www.enteratever.com\/2023\/wp-json\/wp\/v2\/media\/186700"}],"wp:attachment":[{"href":"https:\/\/www.enteratever.com\/2023\/wp-json\/wp\/v2\/media?parent=186696"}],"wp:term":[{"taxonomy":"category","embeddable":true,"href":"https:\/\/www.enteratever.com\/2023\/wp-json\/wp\/v2\/categories?post=186696"},{"taxonomy":"post_tag","embeddable":true,"href":"https:\/\/www.enteratever.com\/2023\/wp-json\/wp\/v2\/tags?post=186696"}],"curies":[{"name":"wp","href":"https:\/\/api.w.org\/{rel}","templated":true}]}}