{"id":186567,"date":"2023-02-27T16:21:12","date_gmt":"2023-02-27T22:21:12","guid":{"rendered":"https:\/\/www.enteratever.com\/2023\/?p=186567"},"modified":"2023-02-27T16:21:16","modified_gmt":"2023-02-27T22:21:16","slug":"participan-estudiantes-en-proyecto-del-ivai-sobre-el-uso-correcto-de-datos-personales","status":"publish","type":"post","link":"https:\/\/www.enteratever.com\/2023\/2023\/02\/27\/participan-estudiantes-en-proyecto-del-ivai-sobre-el-uso-correcto-de-datos-personales\/","title":{"rendered":"Participan estudiantes en proyecto del IVAI sobre el uso correcto de datos personales"},"content":{"rendered":"<p>Visitas: 50<\/p>\n<p>Con el \u201cProyecto Lentes\u201d Lecturas Educativas para la Ni\u00f1ez sobre Transparencia y Entornos Seguros, el Instituto Veracruzano de Acceso a la Informaci\u00f3n (IVAI) en coordinaci\u00f3n con el Ayuntamiento de C\u00f3rdoba, buscan fomentar entre la ni\u00f1ez, el cuidado y protecci\u00f3n de datos personales, a fin de evitar un mal uso de los mismos y que los coloquen en riesgo, mencion\u00f3 Naldy Patricia Rodr\u00edguez Lagunes, Comisionada Presidenta del IVAI.<\/p>\n\n\n\n<p>Con la participaci\u00f3n de alrededor de 200 alumnos de las primarias Francisco I. Madero, Carlos A. Carrillo y Benito Ju\u00e1rez, el IVAI realiz\u00f3 una serie de actividades como fueron: lectura de cuentos, proyecci\u00f3n de videos y juegos, donde se busc\u00f3 generar una real conciencia entre los estudiantes sobre la importancia del uso correcto de los datos personales en redes sociales.<\/p>\n\n\n\n<p>El Presidente Municipal, Juan Mart\u00ednez Flores dio la bienvenida a los participantes y agradeci\u00f3 a Gobierno del Estado por este proyecto que protege los datos personales de la ni\u00f1ez, \u201ces fundamental para el crecimiento que anhelamos, el respeto a los derechos humanos y la recuperaci\u00f3n de valores que se han perdido\u201d.<\/p>\n\n\n\n<p>Rodr\u00edguez Lagunes en su mensaje a los ni\u00f1os agreg\u00f3: \u201clos datos personales los hacen \u00fanicos, los hacen identificables, pero tambi\u00e9n los pueden poner en riesgo, queremos presentar a ustedes el ejercicio del derecho de acceso a la informaci\u00f3n que es lo que nos toca cuidar desde el IVAI\u201d, asimismo, hizo la invitaci\u00f3n a participar en la convocatoria de dibujo infantil que se dividir\u00e1 en dos categor\u00edas y que tendr\u00e1 que relacionarse con los riesgos que se encuentran en el uso de las redes sociales.<\/p>\n\n\n\n<p>A este evento asistieron la s\u00edndica \u00fanica, Vania L\u00f3pez Gonz\u00e1lez; el regidor primero, Daniel V\u00e1zquez Hern\u00e1ndez, quien preside la comisi\u00f3n de Acceso a la Informaci\u00f3n; regidora tercera, Georgina Aguilar S\u00e1nchez; regidor quinto, Jonathan Francisco Rosas Blanco; regidora s\u00e9ptima, Olga Leticia Luz L\u00f3pez; el Director de Educaci\u00f3n, Cultura y Deporte, Arturo Pimentel Murgu\u00eda; el titular de la Agenda 2030, Alejandro Baizabal Gonz\u00e1lez as\u00ed como Javier Jair Heredia River\u00f3n, Secretario Ejecutivo del IVAI; Mariel Dom\u00ednguez Reyes, titular de la Unidad de Transparencia del Ayuntamiento de C\u00f3rdoba y directores de los planteles educativos.<\/p>\n","protected":false},"excerpt":{"rendered":"<p>Visitas: 50 Con el \u201cProyecto Lentes\u201d Lecturas Educativas para la Ni\u00f1ez sobre Transparencia y Entornos Seguros, el Instituto Veracruzano de Acceso a la Informaci\u00f3n (IVAI) en coordinaci\u00f3n con el Ayuntamiento de C\u00f3rdoba, buscan fomentar entre la ni\u00f1ez, el cuidado y protecci\u00f3n de datos personales, a fin de evitar un mal uso de los mismos y [&hellip;]<\/p>\n","protected":false},"author":2,"featured_media":186568,"comment_status":"open","ping_status":"open","sticky":false,"template":"","format":"standard","meta":{"footnotes":""},"categories":[239,236],"tags":[],"class_list":{"0":"post-186567","1":"post","2":"type-post","3":"status-publish","4":"format-standard","5":"has-post-thumbnail","7":"category-cordoba","8":"category-zona-centro"},"nelio_content":{"isAutoShareEnabled":true,"autoShareEndMode":"never","automationSources":{"useCustomSentences":false,"customSentences":[]},"followers":[],"suggestedReferences":[],"efiUrl":"","efiAlt":"","highlights":[],"permalinkQueryArgs":[],"series":[]},"_links":{"self":[{"href":"https:\/\/www.enteratever.com\/2023\/wp-json\/wp\/v2\/posts\/186567","targetHints":{"allow":["GET"]}}],"collection":[{"href":"https:\/\/www.enteratever.com\/2023\/wp-json\/wp\/v2\/posts"}],"about":[{"href":"https:\/\/www.enteratever.com\/2023\/wp-json\/wp\/v2\/types\/post"}],"author":[{"embeddable":true,"href":"https:\/\/www.enteratever.com\/2023\/wp-json\/wp\/v2\/users\/2"}],"replies":[{"embeddable":true,"href":"https:\/\/www.enteratever.com\/2023\/wp-json\/wp\/v2\/comments?post=186567"}],"version-history":[{"count":1,"href":"https:\/\/www.enteratever.com\/2023\/wp-json\/wp\/v2\/posts\/186567\/revisions"}],"predecessor-version":[{"id":186570,"href":"https:\/\/www.enteratever.com\/2023\/wp-json\/wp\/v2\/posts\/186567\/revisions\/186570"}],"wp:featuredmedia":[{"embeddable":true,"href":"https:\/\/www.enteratever.com\/2023\/wp-json\/wp\/v2\/media\/186568"}],"wp:attachment":[{"href":"https:\/\/www.enteratever.com\/2023\/wp-json\/wp\/v2\/media?parent=186567"}],"wp:term":[{"taxonomy":"category","embeddable":true,"href":"https:\/\/www.enteratever.com\/2023\/wp-json\/wp\/v2\/categories?post=186567"},{"taxonomy":"post_tag","embeddable":true,"href":"https:\/\/www.enteratever.com\/2023\/wp-json\/wp\/v2\/tags?post=186567"}],"curies":[{"name":"wp","href":"https:\/\/api.w.org\/{rel}","templated":true}]}}