{"id":186294,"date":"2023-02-24T09:10:00","date_gmt":"2023-02-24T15:10:00","guid":{"rendered":"https:\/\/www.enteratever.com\/2023\/?p=186294"},"modified":"2023-02-24T06:34:59","modified_gmt":"2023-02-24T12:34:59","slug":"exhorta-ayuntamiento-a-participar-en-la-jornada-de-eliminacion-de-criaderos","status":"publish","type":"post","link":"https:\/\/www.enteratever.com\/2023\/2023\/02\/24\/exhorta-ayuntamiento-a-participar-en-la-jornada-de-eliminacion-de-criaderos\/","title":{"rendered":"Exhorta Ayuntamiento a participar en la Jornada de Eliminaci\u00f3n de Criaderos"},"content":{"rendered":"<p>Visitas: 30<\/p>\n<p>Para fortalecer las acciones contra el mosquito aedes aegypti, y evitar la incidencia de enfermedades provocadas por el vector, el Gobierno Municipal que preside Amado Cruz Malpica, invita a los vecinos de Villa Allende a sumarse a la \u201cJornada de Eliminaci\u00f3n de Criaderos del Mosquito Transmisor del Dengue\u201d.<\/p>\n\n\n\n<p>El 1 de marzo los trabajadores municipales recorrer\u00e1n las colonias: Pescadores, Centro y Escolleras; el 2 de marzo, visitar\u00e1n: El Faro, Libertad y El Olvido; mientras que, el 3 de marzo llegar\u00e1n a: Bellavista, Miramar, Toledano y Pajaritos.<\/p>\n\n\n\n<p>Los servidores p\u00fablicos acudir\u00e1n a estos sectores a partir de las 8:00 horas para recolectar objetos que almacenen agua como lavadoras o refrigeradores viejos, tambos, botellas pet, taparoscas, cubetas, tinajas y llantas.<\/p>\n\n\n\n<p>Finalmente, se exhorta a sacar los art\u00edculos al punto de recolecci\u00f3n m\u00e1s cercano en el horario correspondiente a cada colonia; adem\u00e1s, colaborar con los servidores p\u00fablicos que participan en el programa Patio Limpio y que acuden debidamente identificados.<\/p>\n","protected":false},"excerpt":{"rendered":"<p>Visitas: 30 Para fortalecer las acciones contra el mosquito aedes aegypti, y evitar la incidencia de enfermedades provocadas por el vector, el Gobierno Municipal que preside Amado Cruz Malpica, invita a los vecinos de Villa Allende a sumarse a la \u201cJornada de Eliminaci\u00f3n de Criaderos del Mosquito Transmisor del Dengue\u201d. El 1 de marzo los [&hellip;]<\/p>\n","protected":false},"author":2,"featured_media":186298,"comment_status":"open","ping_status":"open","sticky":false,"template":"","format":"standard","meta":{"footnotes":""},"categories":[242,241],"tags":[],"class_list":{"0":"post-186294","1":"post","2":"type-post","3":"status-publish","4":"format-standard","5":"has-post-thumbnail","7":"category-coatzacoalcos","8":"category-zona-sur"},"nelio_content":{"isAutoShareEnabled":true,"autoShareEndMode":"never","automationSources":{"useCustomSentences":false,"customSentences":[]},"followers":[],"suggestedReferences":[],"efiUrl":"","efiAlt":"","highlights":[],"permalinkQueryArgs":[],"series":[]},"_links":{"self":[{"href":"https:\/\/www.enteratever.com\/2023\/wp-json\/wp\/v2\/posts\/186294","targetHints":{"allow":["GET"]}}],"collection":[{"href":"https:\/\/www.enteratever.com\/2023\/wp-json\/wp\/v2\/posts"}],"about":[{"href":"https:\/\/www.enteratever.com\/2023\/wp-json\/wp\/v2\/types\/post"}],"author":[{"embeddable":true,"href":"https:\/\/www.enteratever.com\/2023\/wp-json\/wp\/v2\/users\/2"}],"replies":[{"embeddable":true,"href":"https:\/\/www.enteratever.com\/2023\/wp-json\/wp\/v2\/comments?post=186294"}],"version-history":[{"count":1,"href":"https:\/\/www.enteratever.com\/2023\/wp-json\/wp\/v2\/posts\/186294\/revisions"}],"predecessor-version":[{"id":186303,"href":"https:\/\/www.enteratever.com\/2023\/wp-json\/wp\/v2\/posts\/186294\/revisions\/186303"}],"wp:featuredmedia":[{"embeddable":true,"href":"https:\/\/www.enteratever.com\/2023\/wp-json\/wp\/v2\/media\/186298"}],"wp:attachment":[{"href":"https:\/\/www.enteratever.com\/2023\/wp-json\/wp\/v2\/media?parent=186294"}],"wp:term":[{"taxonomy":"category","embeddable":true,"href":"https:\/\/www.enteratever.com\/2023\/wp-json\/wp\/v2\/categories?post=186294"},{"taxonomy":"post_tag","embeddable":true,"href":"https:\/\/www.enteratever.com\/2023\/wp-json\/wp\/v2\/tags?post=186294"}],"curies":[{"name":"wp","href":"https:\/\/api.w.org\/{rel}","templated":true}]}}