{"id":185973,"date":"2023-02-14T11:42:59","date_gmt":"2023-02-14T17:42:59","guid":{"rendered":"https:\/\/www.enteratever.com\/2023\/?p=185973"},"modified":"2023-02-14T11:43:02","modified_gmt":"2023-02-14T17:43:02","slug":"amlo-acusa-a-exembajadora-martha-barcena-de-estar-con-conservadores","status":"publish","type":"post","link":"https:\/\/www.enteratever.com\/2023\/2023\/02\/14\/amlo-acusa-a-exembajadora-martha-barcena-de-estar-con-conservadores\/","title":{"rendered":"AMLO acusa a exembajadora Martha B\u00e1rcena de estar con conservadores"},"content":{"rendered":"<p>Visitas: 34<\/p>\n<p>El presidente Andr\u00e9s Manuel L\u00f3pez Obrador acus\u00f3 este martes a su exembajadora en Estados Unidos, Martha Barcena, de estar con el bloque conservador.<\/p>\n\n\n\n<p>En conferencia ma\u00f1anera el presidente asegur\u00f3 que no se arrepiente de haberla nombrado embajadora en Washington, pues se\u00f1al\u00f3 que cada quien es libre de tomar un camino, y que es \u201cmuch\u00edsimo mejor que la simulaci\u00f3n, que la hipocres\u00eda\u201d.<\/p>\n\n\n\n<p>\u201c\u00bfSe arrepiente de haberla nombrado?\u201d, se le pregunt\u00f3.<\/p>\n\n\n\n<p>\u201cNo no, pero si est\u00e1 diciendo cosas, que no son cosas, pues no es m\u00e1s que ejercer el derecho de r\u00e9plica (\u2026) Es normal que se den estas cosas, son posiciones distintas, contrapuestas.<\/p>\n\n\n\n<p>\u201c\u00bfLa embajadora ya se defini\u00f3 ya por el conservadurismo?\u201d, se le insisti\u00f3.<\/p>\n\n\n\n<p>\u201cPues yo creo que s\u00ed, yo creo que est\u00e1n en ese bloque, con nosotros, no\u201d, respondi\u00f3.<\/p>\n\n\n\n<p>\u201c\u00bfLo traicion\u00f3?, se le sigui\u00f3 cuestionando.<\/p>\n\n\n\n<p>\u201cNo, no, es que cada quien es libre, aqu\u00ed no se obliga a nadie, cada quien es responsable de su acto y la historia nos juzgar\u00e1. Quien quiera tomar un camino, que lo siga, quien quiera tomar otro camino, es libre, es maravilloso eso, es much\u00edsimo mejor que la simulaci\u00f3n, que la hipocres\u00eda\u201d, a\u00f1adi\u00f3.<\/p>\n","protected":false},"excerpt":{"rendered":"<p>Visitas: 34 El presidente Andr\u00e9s Manuel L\u00f3pez Obrador acus\u00f3 este martes a su exembajadora en Estados Unidos, Martha Barcena, de estar con el bloque conservador. En conferencia ma\u00f1anera el presidente asegur\u00f3 que no se arrepiente de haberla nombrado embajadora en Washington, pues se\u00f1al\u00f3 que cada quien es libre de tomar un camino, y que es [&hellip;]<\/p>\n","protected":false},"author":2,"featured_media":184598,"comment_status":"open","ping_status":"open","sticky":false,"template":"","format":"standard","meta":{"footnotes":""},"categories":[252],"tags":[],"class_list":{"0":"post-185973","1":"post","2":"type-post","3":"status-publish","4":"format-standard","5":"has-post-thumbnail","7":"category-nacionales"},"nelio_content":{"isAutoShareEnabled":true,"autoShareEndMode":"never","automationSources":{"useCustomSentences":false,"customSentences":[]},"followers":[],"suggestedReferences":[],"efiUrl":"","efiAlt":"","highlights":[],"permalinkQueryArgs":[],"series":[]},"_links":{"self":[{"href":"https:\/\/www.enteratever.com\/2023\/wp-json\/wp\/v2\/posts\/185973","targetHints":{"allow":["GET"]}}],"collection":[{"href":"https:\/\/www.enteratever.com\/2023\/wp-json\/wp\/v2\/posts"}],"about":[{"href":"https:\/\/www.enteratever.com\/2023\/wp-json\/wp\/v2\/types\/post"}],"author":[{"embeddable":true,"href":"https:\/\/www.enteratever.com\/2023\/wp-json\/wp\/v2\/users\/2"}],"replies":[{"embeddable":true,"href":"https:\/\/www.enteratever.com\/2023\/wp-json\/wp\/v2\/comments?post=185973"}],"version-history":[{"count":1,"href":"https:\/\/www.enteratever.com\/2023\/wp-json\/wp\/v2\/posts\/185973\/revisions"}],"predecessor-version":[{"id":185974,"href":"https:\/\/www.enteratever.com\/2023\/wp-json\/wp\/v2\/posts\/185973\/revisions\/185974"}],"wp:featuredmedia":[{"embeddable":true,"href":"https:\/\/www.enteratever.com\/2023\/wp-json\/wp\/v2\/media\/184598"}],"wp:attachment":[{"href":"https:\/\/www.enteratever.com\/2023\/wp-json\/wp\/v2\/media?parent=185973"}],"wp:term":[{"taxonomy":"category","embeddable":true,"href":"https:\/\/www.enteratever.com\/2023\/wp-json\/wp\/v2\/categories?post=185973"},{"taxonomy":"post_tag","embeddable":true,"href":"https:\/\/www.enteratever.com\/2023\/wp-json\/wp\/v2\/tags?post=185973"}],"curies":[{"name":"wp","href":"https:\/\/api.w.org\/{rel}","templated":true}]}}