{"id":185972,"date":"2023-02-14T11:44:19","date_gmt":"2023-02-14T17:44:19","guid":{"rendered":"https:\/\/www.enteratever.com\/2023\/?p=185972"},"modified":"2023-02-23T08:15:10","modified_gmt":"2023-02-23T14:15:10","slug":"mexico-suma-seis-semanas-en-la-reduccion-del-covid-19-lopez-gatell","status":"publish","type":"post","link":"https:\/\/www.enteratever.com\/2023\/2023\/02\/14\/mexico-suma-seis-semanas-en-la-reduccion-del-covid-19-lopez-gatell\/","title":{"rendered":"M\u00e9xico suma seis semanas en la reducci\u00f3n del COVID-19: L\u00f3pez-Gatell"},"content":{"rendered":"<p>Visitas: 35<\/p>\n<p>M\u00e9xico ya suma seis semanas de reducci\u00f3n de la epidemia de Covid-19, seg\u00fan report\u00f3 este martes el subsecretario de Prevenci\u00f3n y Promoci\u00f3n de la Salud, Hugo L\u00f3pez-Gatell.<\/p>\n\n\n\n<p>Resalt\u00f3 que la sexta ola de coronavirus que se registr\u00f3 en el pa\u00eds fue de menor intensidad en comparaci\u00f3n a las precedentes.<\/p>\n\n\n\n<p>\u201cYa llevamos seis semanas, todo lo que va del a\u00f1o, en una tendencia de reducci\u00f3n constante en la intensidad de la epidemia. Cada vez tenemos menos (casos)\u201d, refiri\u00f3.<\/p>\n\n\n\n<p>Hugo L\u00f3pez-Gatell report\u00f3 que en cuanto a la ocupaci\u00f3n hospitalaria de camas generales para la atenci\u00f3n del Covid-19 se encuentra en 5 por ciento, mientras que para personas en situaci\u00f3n cr\u00edtica que necesitan ventilador mec\u00e1nica, la ocupaci\u00f3n es de 2 por ciento.<\/p>\n","protected":false},"excerpt":{"rendered":"<p>Visitas: 35 M\u00e9xico ya suma seis semanas de reducci\u00f3n de la epidemia de Covid-19, seg\u00fan report\u00f3 este martes el subsecretario de Prevenci\u00f3n y Promoci\u00f3n de la Salud, Hugo L\u00f3pez-Gatell. Resalt\u00f3 que la sexta ola de coronavirus que se registr\u00f3 en el pa\u00eds fue de menor intensidad en comparaci\u00f3n a las precedentes. \u201cYa llevamos seis semanas, [&hellip;]<\/p>\n","protected":false},"author":2,"featured_media":177367,"comment_status":"open","ping_status":"open","sticky":false,"template":"","format":"standard","meta":{"footnotes":""},"categories":[252],"tags":[],"class_list":{"0":"post-185972","1":"post","2":"type-post","3":"status-publish","4":"format-standard","5":"has-post-thumbnail","7":"category-nacionales"},"nelio_content":{"isAutoShareEnabled":true,"autoShareEndMode":"never","automationSources":{"useCustomSentences":false,"customSentences":[]},"followers":[],"suggestedReferences":[],"efiUrl":"","efiAlt":"","highlights":[],"permalinkQueryArgs":[],"series":[]},"_links":{"self":[{"href":"https:\/\/www.enteratever.com\/2023\/wp-json\/wp\/v2\/posts\/185972","targetHints":{"allow":["GET"]}}],"collection":[{"href":"https:\/\/www.enteratever.com\/2023\/wp-json\/wp\/v2\/posts"}],"about":[{"href":"https:\/\/www.enteratever.com\/2023\/wp-json\/wp\/v2\/types\/post"}],"author":[{"embeddable":true,"href":"https:\/\/www.enteratever.com\/2023\/wp-json\/wp\/v2\/users\/2"}],"replies":[{"embeddable":true,"href":"https:\/\/www.enteratever.com\/2023\/wp-json\/wp\/v2\/comments?post=185972"}],"version-history":[{"count":1,"href":"https:\/\/www.enteratever.com\/2023\/wp-json\/wp\/v2\/posts\/185972\/revisions"}],"predecessor-version":[{"id":185976,"href":"https:\/\/www.enteratever.com\/2023\/wp-json\/wp\/v2\/posts\/185972\/revisions\/185976"}],"wp:featuredmedia":[{"embeddable":true,"href":"https:\/\/www.enteratever.com\/2023\/wp-json\/wp\/v2\/media\/177367"}],"wp:attachment":[{"href":"https:\/\/www.enteratever.com\/2023\/wp-json\/wp\/v2\/media?parent=185972"}],"wp:term":[{"taxonomy":"category","embeddable":true,"href":"https:\/\/www.enteratever.com\/2023\/wp-json\/wp\/v2\/categories?post=185972"},{"taxonomy":"post_tag","embeddable":true,"href":"https:\/\/www.enteratever.com\/2023\/wp-json\/wp\/v2\/tags?post=185972"}],"curies":[{"name":"wp","href":"https:\/\/api.w.org\/{rel}","templated":true}]}}