{"id":185648,"date":"2023-02-09T12:50:59","date_gmt":"2023-02-09T18:50:59","guid":{"rendered":"https:\/\/www.enteratever.com\/2023\/?p=185648"},"modified":"2023-02-09T12:51:00","modified_gmt":"2023-02-09T18:51:00","slug":"avanza-campana-de-rehabilitacion-vial-adopta-un-bache","status":"publish","type":"post","link":"https:\/\/www.enteratever.com\/2023\/2023\/02\/09\/avanza-campana-de-rehabilitacion-vial-adopta-un-bache\/","title":{"rendered":"Avanza campa\u00f1a de rehabilitaci\u00f3n vial \u201cAdopta un bache\u201d"},"content":{"rendered":"<p>Visitas: 8<\/p>\n<p>Minatitl\u00e1n, Ver. \u2014 El Gobierno de Minatitl\u00e1n, que encabeza la Dra. Carmen Medel Palma, avanza en la campa\u00f1a de rehabilitaci\u00f3n vial \u201cAdopta un bache\u201d, misma que tiene como objetivo mejorar las principales calles y avenidas del municipio.<\/p>\n\n\n\n<p>En esta ocasi\u00f3n personal de la Unidad de Respuesta Inmediata de Obras P\u00fablicas, repar\u00f3 baches en la Avenida Dante Delgado entre L\u00e1zaro C\u00e1rdenas y Art\u00edculo 37 de la colonia Insurgentes Norte.<\/p>\n\n\n\n<p>\u201cContinuamos con las indicaciones de nuestra alcaldesa, mejorar la imagen urbana es uno de los mayores compromisos que tenemos con la ciudadan\u00eda, y es a trav\u00e9s de la campa\u00f1a \u201cadopta un bache\u201d, donde la doctora Medel Palma, regidores y directores se sumaron y compraron material para rehabilitar esta calle\u201d expres\u00f3 Eduardo Couti\u00f1o, titular de la dependencia.<\/p>\n\n\n\n<p>En este mismo sentido, se informa que se estar\u00e1n atendiendo las necesidades de la ciudadan\u00eda en cuesti\u00f3n de bacheo, de acuerdo al plan de trabajo que implementa el Gobierno Municipal, para evitar afectaciones a la movilidad de los minatitlecos.<\/p>\n\n\n\n<p>Se hace hincapi\u00e9 que en este primer ejercicio se estar\u00e1n cubriendo las calles principales de la colonia Insurgentes Norte, donde se dar\u00e1 atenci\u00f3n a 100 baches aproximadamente.<\/p>\n\n\n\n<p>Por esta raz\u00f3n se invita a los automovilistas a reducir la velocidad en zonas de intervenci\u00f3n, conducir con precauci\u00f3n y dar preferencia al peat\u00f3n, para prevenir accidentes durante las jornadas de trabajo.<\/p>\n","protected":false},"excerpt":{"rendered":"<p>Visitas: 8 Minatitl\u00e1n, Ver. \u2014 El Gobierno de Minatitl\u00e1n, que encabeza la Dra. Carmen Medel Palma, avanza en la campa\u00f1a de rehabilitaci\u00f3n vial \u201cAdopta un bache\u201d, misma que tiene como objetivo mejorar las principales calles y avenidas del municipio. En esta ocasi\u00f3n personal de la Unidad de Respuesta Inmediata de Obras P\u00fablicas, repar\u00f3 baches en [&hellip;]<\/p>\n","protected":false},"author":2,"featured_media":185649,"comment_status":"open","ping_status":"open","sticky":false,"template":"","format":"standard","meta":{"footnotes":""},"categories":[243,241],"tags":[41],"class_list":{"0":"post-185648","1":"post","2":"type-post","3":"status-publish","4":"format-standard","5":"has-post-thumbnail","7":"category-minatitlan","8":"category-zona-sur","9":"tag-portada"},"nelio_content":{"isAutoShareEnabled":true,"autoShareEndMode":"never","automationSources":{"useCustomSentences":false,"customSentences":[]},"followers":[],"suggestedReferences":[],"efiUrl":"","efiAlt":"","highlights":[],"permalinkQueryArgs":[],"series":[]},"_links":{"self":[{"href":"https:\/\/www.enteratever.com\/2023\/wp-json\/wp\/v2\/posts\/185648","targetHints":{"allow":["GET"]}}],"collection":[{"href":"https:\/\/www.enteratever.com\/2023\/wp-json\/wp\/v2\/posts"}],"about":[{"href":"https:\/\/www.enteratever.com\/2023\/wp-json\/wp\/v2\/types\/post"}],"author":[{"embeddable":true,"href":"https:\/\/www.enteratever.com\/2023\/wp-json\/wp\/v2\/users\/2"}],"replies":[{"embeddable":true,"href":"https:\/\/www.enteratever.com\/2023\/wp-json\/wp\/v2\/comments?post=185648"}],"version-history":[{"count":1,"href":"https:\/\/www.enteratever.com\/2023\/wp-json\/wp\/v2\/posts\/185648\/revisions"}],"predecessor-version":[{"id":185650,"href":"https:\/\/www.enteratever.com\/2023\/wp-json\/wp\/v2\/posts\/185648\/revisions\/185650"}],"wp:featuredmedia":[{"embeddable":true,"href":"https:\/\/www.enteratever.com\/2023\/wp-json\/wp\/v2\/media\/185649"}],"wp:attachment":[{"href":"https:\/\/www.enteratever.com\/2023\/wp-json\/wp\/v2\/media?parent=185648"}],"wp:term":[{"taxonomy":"category","embeddable":true,"href":"https:\/\/www.enteratever.com\/2023\/wp-json\/wp\/v2\/categories?post=185648"},{"taxonomy":"post_tag","embeddable":true,"href":"https:\/\/www.enteratever.com\/2023\/wp-json\/wp\/v2\/tags?post=185648"}],"curies":[{"name":"wp","href":"https:\/\/api.w.org\/{rel}","templated":true}]}}