{"id":185312,"date":"2023-02-05T05:13:00","date_gmt":"2023-02-05T11:13:00","guid":{"rendered":"https:\/\/www.enteratever.com\/2023\/?p=185312"},"modified":"2023-02-06T09:26:25","modified_gmt":"2023-02-06T15:26:25","slug":"conmemora-coatzacoalcos-106-aniversario-de-la-constitucion-politica-de-mexico","status":"publish","type":"post","link":"https:\/\/www.enteratever.com\/2023\/2023\/02\/05\/conmemora-coatzacoalcos-106-aniversario-de-la-constitucion-politica-de-mexico\/","title":{"rendered":"Conmemora Coatzacoalcos 106 aniversario de la Constituci\u00f3n Pol\u00edtica de M\u00e9xico"},"content":{"rendered":"<p>Visitas: 5<\/p>\n<p>La Comuna de Coatzacoalcos, encabezada por el presidente municipal, Amado Cruz Malpica, conmemor\u00f3 el 106 aniversario de la promulgaci\u00f3n de la Constituci\u00f3n Pol\u00edtica de M\u00e9xico en el anexo al Palacio Municipal.<\/p>\n\n\n\n<p>La s\u00edndica \u00fanica Ana Bertha Hern\u00e1ndez Aguilar, fue quien dio el discurso del acto c\u00edvico donde destac\u00f3 a M\u00e9xico como una rep\u00fablica federalista y democr\u00e1tica.<\/p>\n\n\n\n<p>Detall\u00f3 que en este libro se plasman las demandas econ\u00f3micas, pol\u00edticas y sociales, para un Estado libre y se ponderan los derechos de la poblaci\u00f3n, las garant\u00edas individuales, cubriendo las necesidades del pueblo mexicano, acatando reglas y lineamientos, reconociendo la divisi\u00f3n de poderes, las responsabilidades y reformas.<\/p>\n\n\n\n<p>En entrevista el presidente municipal Amado Cruz reiter\u00f3 la importancia de seguir conmemorando el 5 de febrero y manteniendo una Constituci\u00f3n que sigue vigente desde hace m\u00e1s de 100 a\u00f1os.<\/p>\n\n\n\n<p>En el evento se cont\u00f3 con la presencia de Artemio Cuervo Salas, comandante de la S\u00e9ptima Zona Naval; Julio \u00c1lvarez Arellano, comandante de la Vig\u00e9sima Novena Zona Militar; Isidro Enrique Villegas, regidor primero; Mar\u00eda Sandra Collins Coronel, regidora segunda; Yajaira Tadeo Rodr\u00edguez, regidora cuarta; Emir S\u00e1nchez V\u00e1zquez, regidor quinto; Mayra Guti\u00e9rrez Cruz, regidora sexta.<\/p>\n\n\n\n<p>Carmen de Jes\u00fas L\u00f3pez Ramos, regidora s\u00e9ptima; Silvia Patricia Hong Hern\u00e1ndez, regidora octava; Gersa\u00edn Hidalgo Cruz, regidor noveno; Renata Prot \u00c1lvarez, regidora d\u00e9cima; V\u00edctor Octavio Paz Castilla, regidor d\u00e9cimo segundo; Jos\u00e9 Luis Guti\u00e9rrez Gonz\u00e1lez, regidor d\u00e9cimo tercero.<\/p>\n\n\n\n<p>El secretario del Ayuntamiento, Samuel Ordaz Ortega; Paola Cabrera Antonio, delegada regional de la SEV y Luis Mart\u00edn Vega S\u00e1nchez, director de la ETI 19.<\/p>\n","protected":false},"excerpt":{"rendered":"<p>Visitas: 5 La Comuna de Coatzacoalcos, encabezada por el presidente municipal, Amado Cruz Malpica, conmemor\u00f3 el 106 aniversario de la promulgaci\u00f3n de la Constituci\u00f3n Pol\u00edtica de M\u00e9xico en el anexo al Palacio Municipal. La s\u00edndica \u00fanica Ana Bertha Hern\u00e1ndez Aguilar, fue quien dio el discurso del acto c\u00edvico donde destac\u00f3 a M\u00e9xico como una rep\u00fablica [&hellip;]<\/p>\n","protected":false},"author":2,"featured_media":185316,"comment_status":"open","ping_status":"open","sticky":false,"template":"","format":"standard","meta":{"footnotes":""},"categories":[242,241],"tags":[],"class_list":{"0":"post-185312","1":"post","2":"type-post","3":"status-publish","4":"format-standard","5":"has-post-thumbnail","7":"category-coatzacoalcos","8":"category-zona-sur"},"nelio_content":{"isAutoShareEnabled":true,"autoShareEndMode":"never","automationSources":{"useCustomSentences":false,"customSentences":[]},"followers":[],"suggestedReferences":[],"efiUrl":"","efiAlt":"","highlights":[],"permalinkQueryArgs":[],"series":[]},"_links":{"self":[{"href":"https:\/\/www.enteratever.com\/2023\/wp-json\/wp\/v2\/posts\/185312","targetHints":{"allow":["GET"]}}],"collection":[{"href":"https:\/\/www.enteratever.com\/2023\/wp-json\/wp\/v2\/posts"}],"about":[{"href":"https:\/\/www.enteratever.com\/2023\/wp-json\/wp\/v2\/types\/post"}],"author":[{"embeddable":true,"href":"https:\/\/www.enteratever.com\/2023\/wp-json\/wp\/v2\/users\/2"}],"replies":[{"embeddable":true,"href":"https:\/\/www.enteratever.com\/2023\/wp-json\/wp\/v2\/comments?post=185312"}],"version-history":[{"count":1,"href":"https:\/\/www.enteratever.com\/2023\/wp-json\/wp\/v2\/posts\/185312\/revisions"}],"predecessor-version":[{"id":185323,"href":"https:\/\/www.enteratever.com\/2023\/wp-json\/wp\/v2\/posts\/185312\/revisions\/185323"}],"wp:featuredmedia":[{"embeddable":true,"href":"https:\/\/www.enteratever.com\/2023\/wp-json\/wp\/v2\/media\/185316"}],"wp:attachment":[{"href":"https:\/\/www.enteratever.com\/2023\/wp-json\/wp\/v2\/media?parent=185312"}],"wp:term":[{"taxonomy":"category","embeddable":true,"href":"https:\/\/www.enteratever.com\/2023\/wp-json\/wp\/v2\/categories?post=185312"},{"taxonomy":"post_tag","embeddable":true,"href":"https:\/\/www.enteratever.com\/2023\/wp-json\/wp\/v2\/tags?post=185312"}],"curies":[{"name":"wp","href":"https:\/\/api.w.org\/{rel}","templated":true}]}}