{"id":185064,"date":"2023-02-02T09:24:46","date_gmt":"2023-02-02T15:24:46","guid":{"rendered":"https:\/\/www.enteratever.com\/2023\/?p=185064"},"modified":"2023-02-02T09:24:47","modified_gmt":"2023-02-02T15:24:47","slug":"impulsa-gobierno-de-coatzacoalcos-a-los-artistas-locales","status":"publish","type":"post","link":"https:\/\/www.enteratever.com\/2023\/2023\/02\/02\/impulsa-gobierno-de-coatzacoalcos-a-los-artistas-locales\/","title":{"rendered":"Impulsa Gobierno de Coatzacoalcos a los artistas locales"},"content":{"rendered":"<p>Visitas: 6<\/p>\n<p>El Gobierno de Coatzacoalcos promueve \u201cLas Noches Musicales\u201d, actividad que tiene como objetivo establecer a m\u00fasicos locales como impulsores del arte y enaltecer los espacios p\u00fablicos.<br>cultura 6<\/p>\n\n\n\n<p>El presidente municipal, Amado Cruz Malpica instruy\u00f3 a la direcci\u00f3n de Desarrollo Social y a la jefatura de Cultura para que los artistas de la.localidad se conviertan en agentes de transformaci\u00f3n cultural.<br>El jueves 2 de febrero a las 17 horas, en el parque Independencia, se realizar\u00e1 un homenaje para conmemorar los 9 a\u00f1os de la fundaci\u00f3n de la agrupaci\u00f3n Amantes.<\/p>\n\n\n\n<p>Leticia S\u00e1nchez S\u00e1nchez, integrante el grupo musical, \u201cAmantes\u201d agradeci\u00f3 el apoyo de las autoridades municipales enfatizando que para las personas de la tercera edad contar con un espacio y una actividad cultural se ha convertido en un sentido de vida para seguir desarroll\u00e1ndose en la sociedad.<\/p>\n\n\n\n<p>A esta presentaci\u00f3n se suma el cantante local Abraham Bejarano, quien tuvo sus inicios en este grupo musical, y en esta ocasi\u00f3n las personas podr\u00e1n disfrutar de su m\u00fasica de salsa.<\/p>\n\n\n\n<p>Las autoridades hacen una extensa invitaci\u00f3n a la ciudadan\u00eda a sumarse y conocer a los cantantes porte\u00f1os.<\/p>\n","protected":false},"excerpt":{"rendered":"<p>Visitas: 6 El Gobierno de Coatzacoalcos promueve \u201cLas Noches Musicales\u201d, actividad que tiene como objetivo establecer a m\u00fasicos locales como impulsores del arte y enaltecer los espacios p\u00fablicos.cultura 6 El presidente municipal, Amado Cruz Malpica instruy\u00f3 a la direcci\u00f3n de Desarrollo Social y a la jefatura de Cultura para que los artistas de la.localidad se [&hellip;]<\/p>\n","protected":false},"author":2,"featured_media":185067,"comment_status":"open","ping_status":"open","sticky":false,"template":"","format":"standard","meta":{"footnotes":""},"categories":[242,241],"tags":[],"class_list":{"0":"post-185064","1":"post","2":"type-post","3":"status-publish","4":"format-standard","5":"has-post-thumbnail","7":"category-coatzacoalcos","8":"category-zona-sur"},"nelio_content":{"isAutoShareEnabled":true,"autoShareEndMode":"never","automationSources":{"useCustomSentences":false,"customSentences":[]},"followers":[],"suggestedReferences":[],"efiUrl":"","efiAlt":"","highlights":[],"permalinkQueryArgs":[],"series":[]},"_links":{"self":[{"href":"https:\/\/www.enteratever.com\/2023\/wp-json\/wp\/v2\/posts\/185064","targetHints":{"allow":["GET"]}}],"collection":[{"href":"https:\/\/www.enteratever.com\/2023\/wp-json\/wp\/v2\/posts"}],"about":[{"href":"https:\/\/www.enteratever.com\/2023\/wp-json\/wp\/v2\/types\/post"}],"author":[{"embeddable":true,"href":"https:\/\/www.enteratever.com\/2023\/wp-json\/wp\/v2\/users\/2"}],"replies":[{"embeddable":true,"href":"https:\/\/www.enteratever.com\/2023\/wp-json\/wp\/v2\/comments?post=185064"}],"version-history":[{"count":1,"href":"https:\/\/www.enteratever.com\/2023\/wp-json\/wp\/v2\/posts\/185064\/revisions"}],"predecessor-version":[{"id":185068,"href":"https:\/\/www.enteratever.com\/2023\/wp-json\/wp\/v2\/posts\/185064\/revisions\/185068"}],"wp:featuredmedia":[{"embeddable":true,"href":"https:\/\/www.enteratever.com\/2023\/wp-json\/wp\/v2\/media\/185067"}],"wp:attachment":[{"href":"https:\/\/www.enteratever.com\/2023\/wp-json\/wp\/v2\/media?parent=185064"}],"wp:term":[{"taxonomy":"category","embeddable":true,"href":"https:\/\/www.enteratever.com\/2023\/wp-json\/wp\/v2\/categories?post=185064"},{"taxonomy":"post_tag","embeddable":true,"href":"https:\/\/www.enteratever.com\/2023\/wp-json\/wp\/v2\/tags?post=185064"}],"curies":[{"name":"wp","href":"https:\/\/api.w.org\/{rel}","templated":true}]}}