{"id":184881,"date":"2023-02-01T15:20:00","date_gmt":"2023-02-01T21:20:00","guid":{"rendered":"https:\/\/www.enteratever.com\/2023\/?p=184881"},"modified":"2023-02-01T16:13:55","modified_gmt":"2023-02-01T22:13:55","slug":"pide-diputada-realizacion-del-parlamento-de-las-mujeres-veracruzanas-2023","status":"publish","type":"post","link":"https:\/\/www.enteratever.com\/2023\/2023\/02\/01\/pide-diputada-realizacion-del-parlamento-de-las-mujeres-veracruzanas-2023\/","title":{"rendered":"Pide Diputada realizaci\u00f3n del Parlamento de las Mujeres Veracruzanas 2023"},"content":{"rendered":"<p>Visitas: 3<\/p>\n<p>La diputada Maribel Ram\u00edrez Topete present\u00f3 un Anteproyecto con Punto de Acuerdo, por el cual se prev\u00e9 un exhorto al Pleno o, en su caso, a la Diputaci\u00f3n Permanente para que determine la sede en que se realizar\u00e1 el Parlamento de las Mujeres Veracruzanas 2023, en cumplimiento a lo dispuesto en los art\u00edculos 18, fracci\u00f3n XLVII, de la Ley Org\u00e1nica, y 61, p\u00e1rrafo segundo, del Reglamento Interior, ambas del Poder Legislativo del Estado de Veracruz de Ignacio de la Llave.<\/p>\n\n\n\n<p>En su participaci\u00f3n durante la decimotercera sesi\u00f3n, celebrada este 31 de enero, la legisladora dijo que en 2005 distintas diputadas alzaron la voz en el Congreso del Estado y se cre\u00f3 el Parlamento de las Mujeres Veracruzanas, como un espacio de participaci\u00f3n para apuntalar el reconocimiento de los derechos de las mujeres.<\/p>\n\n\n\n<p>Agreg\u00f3 que, en marzo de 2006, se realiz\u00f3 el Primer Parlamento en el que legisladoras, empresarias, integrantes de colectivos y asociaciones civiles plasmaron reformas estructurales en materia de igualdad, equidad de g\u00e9nero, violencia, participaci\u00f3n pol\u00edtica, presupuesto y creaci\u00f3n de instancias de apoyo a las mujeres, entre otros temas.<\/p>\n\n\n\n<p>La tambi\u00e9n Presidenta de la Comisi\u00f3n Permanente para la Igualdad de G\u00e9nero, al recordar que el segundo parlamento se realiz\u00f3 en abril de 2007 y un tercero hasta agosto de 2012, se\u00f1al\u00f3 que \u201cestos antecedentes nos permiten visualizar que, al d\u00eda de hoy, y al encontrarnos ya en el segundo a\u00f1o de ejercicio constitucional de esta Legislatura, han pasado m\u00e1s de nueve a\u00f1os sin que se realice un Parlamento de Mujeres\u201d.<\/p>\n\n\n\n<p>Por consiguiente, la Diputada se pronunci\u00f3 por dar cumplimiento con la legislaci\u00f3n vigente y realizar este a\u00f1o el Parlamento de las Mujeres Veracruzanas, con la finalidad de dar efectividad y no perder este espacio importante para las mujeres de la entidad.<\/p>\n\n\n\n<p>\u201cLos parlamentos constituyen espacios de participaci\u00f3n, en los que se expresan puntos de vista e intereses. Son tambi\u00e9n un conducto de comunicaci\u00f3n con la ciudadan\u00eda, de escucha, que permite con base en acciones afirmativas dar soluci\u00f3n a las problem\u00e1ticas expuestas\u201d, a\u00f1adi\u00f3.<\/p>\n\n\n\n<p>Al Anteproyecto, turnado para su estudio a la Junta de Coordinaci\u00f3n Pol\u00edtica, se sumaron las diputadas Ver\u00f3nica Pulido Herrera, Citlali Medell\u00edn Careaga, Tania Mar\u00eda Cruz Mej\u00eda y Arianna Guadalupe \u00c1ngeles Aguirre, as\u00ed como los diputados Hugo Gonz\u00e1lez Saavedra y Juan Enrique Santos Mendoza.<\/p>\n","protected":false},"excerpt":{"rendered":"<p>Visitas: 3 La diputada Maribel Ram\u00edrez Topete present\u00f3 un Anteproyecto con Punto de Acuerdo, por el cual se prev\u00e9 un exhorto al Pleno o, en su caso, a la Diputaci\u00f3n Permanente para que determine la sede en que se realizar\u00e1 el Parlamento de las Mujeres Veracruzanas 2023, en cumplimiento a lo dispuesto en los art\u00edculos [&hellip;]<\/p>\n","protected":false},"author":2,"featured_media":184885,"comment_status":"open","ping_status":"open","sticky":false,"template":"","format":"standard","meta":{"footnotes":""},"categories":[237,236],"tags":[],"class_list":{"0":"post-184881","1":"post","2":"type-post","3":"status-publish","4":"format-standard","5":"has-post-thumbnail","7":"category-xalapa","8":"category-zona-centro"},"nelio_content":{"isAutoShareEnabled":true,"autoShareEndMode":"never","automationSources":{"useCustomSentences":false,"customSentences":[]},"followers":[],"suggestedReferences":[],"efiUrl":"","efiAlt":"","highlights":[],"permalinkQueryArgs":[],"series":[]},"_links":{"self":[{"href":"https:\/\/www.enteratever.com\/2023\/wp-json\/wp\/v2\/posts\/184881","targetHints":{"allow":["GET"]}}],"collection":[{"href":"https:\/\/www.enteratever.com\/2023\/wp-json\/wp\/v2\/posts"}],"about":[{"href":"https:\/\/www.enteratever.com\/2023\/wp-json\/wp\/v2\/types\/post"}],"author":[{"embeddable":true,"href":"https:\/\/www.enteratever.com\/2023\/wp-json\/wp\/v2\/users\/2"}],"replies":[{"embeddable":true,"href":"https:\/\/www.enteratever.com\/2023\/wp-json\/wp\/v2\/comments?post=184881"}],"version-history":[{"count":1,"href":"https:\/\/www.enteratever.com\/2023\/wp-json\/wp\/v2\/posts\/184881\/revisions"}],"predecessor-version":[{"id":184888,"href":"https:\/\/www.enteratever.com\/2023\/wp-json\/wp\/v2\/posts\/184881\/revisions\/184888"}],"wp:featuredmedia":[{"embeddable":true,"href":"https:\/\/www.enteratever.com\/2023\/wp-json\/wp\/v2\/media\/184885"}],"wp:attachment":[{"href":"https:\/\/www.enteratever.com\/2023\/wp-json\/wp\/v2\/media?parent=184881"}],"wp:term":[{"taxonomy":"category","embeddable":true,"href":"https:\/\/www.enteratever.com\/2023\/wp-json\/wp\/v2\/categories?post=184881"},{"taxonomy":"post_tag","embeddable":true,"href":"https:\/\/www.enteratever.com\/2023\/wp-json\/wp\/v2\/tags?post=184881"}],"curies":[{"name":"wp","href":"https:\/\/api.w.org\/{rel}","templated":true}]}}