{"id":184832,"date":"2023-02-01T10:02:03","date_gmt":"2023-02-01T16:02:03","guid":{"rendered":"https:\/\/www.enteratever.com\/2023\/?p=184832"},"modified":"2023-02-01T10:02:04","modified_gmt":"2023-02-01T16:02:04","slug":"presenta-ivec-la-exposicion-salvador-ferrando-acervo-artistico-del-maev-en-tlacotalpan-veracruz","status":"publish","type":"post","link":"https:\/\/www.enteratever.com\/2023\/2023\/02\/01\/presenta-ivec-la-exposicion-salvador-ferrando-acervo-artistico-del-maev-en-tlacotalpan-veracruz\/","title":{"rendered":"Presenta IVEC la exposici\u00f3n Salvador Ferrando, acervo art\u00edstico del MAEV, en Tlacotalpan, Veracruz"},"content":{"rendered":"<p>Visitas: 0<\/p>\n<p>En el marco del Foro Cultural del Sotavento 2023 y la tradicional celebraci\u00f3n en honor a la Virgen de la Candelaria, el Instituto Veracruzano de la Cultura re\u00fane por primera vez en su ciudad natal la obra del artista tlacotalpe\u00f1o Salvador Ferrando en una significativa muestra. Perteneciente al acervo resguardado por el Museo de Arte del Estado de Veracruz, esta colecci\u00f3n se inaugura este martes 31 de enero a las 18:30 horas, en el Centro Cultural del Sotavento.<\/p>\n\n\n\n<p>Salvador Ferrando naci\u00f3 en Tlacotalpan, Veracruz, en el a\u00f1o de 1835. Estudi\u00f3 en la Academia de San Carlos, instituci\u00f3n que en 1851 le concedi\u00f3 una beca, a solicitud del Gobierno del Estado de Veracruz, para continuar su formaci\u00f3n en pintura en la Academia de San Lucas, en Roma, Italia. Se especializ\u00f3 en retratos y paisajes, ostentando una especial predilecci\u00f3n por la belleza de la cuenca del Papaloapan y sus alrededores. En su trabajo tambi\u00e9n destacan los cuadros que realiz\u00f3 a distinguidas personalidades de la \u00e9poca, as\u00ed como diversas obras de car\u00e1cter b\u00edblico y sobre temas de la historia nacional. Falleci\u00f3 en Veracruz, en 1908.<\/p>\n\n\n\n<p>La exposici\u00f3n Salvador Ferrando presenta una selecci\u00f3n de ocho \u00f3leos del artista, pertenecientes al acervo art\u00edstico del MAEV. Entre las obras que se exhiben, sobresalen las inspiradas durante su residencia europea: \u201cLa napolitana\u201d y \u201cLa hora de las tinieblas\u201d, realizadas cuando el pintor ya estaba de regreso en M\u00e9xico. En ellas se advierte la influencia de los maestros europeos, presentando en su composici\u00f3n notas del clasicismo y el romanticismo.<\/p>\n\n\n\n<p>Tambi\u00e9n se encuentra la pieza \u201cFiesta de Toros\u201d, una de las grandes creaciones del pintor que ofrece una visi\u00f3n muy completa de la Perla del Papaloapan, ciudad Patrimonio de la Humanidad. El paisaje parece detener el tiempo por la calma y tranquilidad que refleja, retratando la festividad como una mezcla de colores, m\u00fasica, bailes, ruidos, felicidad, religi\u00f3n, comunidad y fe popular.<\/p>\n\n\n\n<p>El IVEC invita a disfrutar de la exposici\u00f3n Salvador Ferrando, patrimonio art\u00edstico del estado de Veracruz, a partir de este martes 31 de enero a las 18:30 horas, en el Centro Cultural del Sotavento. Tambi\u00e9n te invitamos a participar de las actividades del Foro Cultural del Sotavento 2023, encuentro que genera espacios para fortalecer el conocimiento, la difusi\u00f3n y el disfrute de la diversidad cultural de la regi\u00f3n sotaventina, del 31 de enero al 2 de febrero. Consulta la programaci\u00f3n completa del Foro y la red de recintos culturales del Instituto en www.ivec.gob.mx.<\/p>\n","protected":false},"excerpt":{"rendered":"<p>Visitas: 0 En el marco del Foro Cultural del Sotavento 2023 y la tradicional celebraci\u00f3n en honor a la Virgen de la Candelaria, el Instituto Veracruzano de la Cultura re\u00fane por primera vez en su ciudad natal la obra del artista tlacotalpe\u00f1o Salvador Ferrando en una significativa muestra. Perteneciente al acervo resguardado por el Museo [&hellip;]<\/p>\n","protected":false},"author":2,"featured_media":184833,"comment_status":"open","ping_status":"open","sticky":false,"template":"","format":"standard","meta":{"footnotes":""},"categories":[241],"tags":[],"class_list":{"0":"post-184832","1":"post","2":"type-post","3":"status-publish","4":"format-standard","5":"has-post-thumbnail","7":"category-zona-sur"},"nelio_content":{"isAutoShareEnabled":true,"autoShareEndMode":"never","automationSources":{"useCustomSentences":false,"customSentences":[]},"followers":[],"suggestedReferences":[],"efiUrl":"","efiAlt":"","highlights":[],"permalinkQueryArgs":[],"series":[]},"_links":{"self":[{"href":"https:\/\/www.enteratever.com\/2023\/wp-json\/wp\/v2\/posts\/184832","targetHints":{"allow":["GET"]}}],"collection":[{"href":"https:\/\/www.enteratever.com\/2023\/wp-json\/wp\/v2\/posts"}],"about":[{"href":"https:\/\/www.enteratever.com\/2023\/wp-json\/wp\/v2\/types\/post"}],"author":[{"embeddable":true,"href":"https:\/\/www.enteratever.com\/2023\/wp-json\/wp\/v2\/users\/2"}],"replies":[{"embeddable":true,"href":"https:\/\/www.enteratever.com\/2023\/wp-json\/wp\/v2\/comments?post=184832"}],"version-history":[{"count":1,"href":"https:\/\/www.enteratever.com\/2023\/wp-json\/wp\/v2\/posts\/184832\/revisions"}],"predecessor-version":[{"id":184835,"href":"https:\/\/www.enteratever.com\/2023\/wp-json\/wp\/v2\/posts\/184832\/revisions\/184835"}],"wp:featuredmedia":[{"embeddable":true,"href":"https:\/\/www.enteratever.com\/2023\/wp-json\/wp\/v2\/media\/184833"}],"wp:attachment":[{"href":"https:\/\/www.enteratever.com\/2023\/wp-json\/wp\/v2\/media?parent=184832"}],"wp:term":[{"taxonomy":"category","embeddable":true,"href":"https:\/\/www.enteratever.com\/2023\/wp-json\/wp\/v2\/categories?post=184832"},{"taxonomy":"post_tag","embeddable":true,"href":"https:\/\/www.enteratever.com\/2023\/wp-json\/wp\/v2\/tags?post=184832"}],"curies":[{"name":"wp","href":"https:\/\/api.w.org\/{rel}","templated":true}]}}