{"id":184794,"date":"2023-02-01T10:20:00","date_gmt":"2023-02-01T16:20:00","guid":{"rendered":"https:\/\/www.enteratever.com\/2023\/?p=184794"},"modified":"2023-02-01T09:24:56","modified_gmt":"2023-02-01T15:24:56","slug":"trabaja-ayuntamiento-en-lineamientos-en-materia-archivistica-para-su-conservacion","status":"publish","type":"post","link":"https:\/\/www.enteratever.com\/2023\/2023\/02\/01\/trabaja-ayuntamiento-en-lineamientos-en-materia-archivistica-para-su-conservacion\/","title":{"rendered":"Trabaja Ayuntamiento en lineamientos en materia archiv\u00edstica para su conservaci\u00f3n"},"content":{"rendered":"<p>Visitas: 7<\/p>\n<p>En cumplimiento a la Ley General de Archivos, el Ayuntamiento de C\u00f3rdoba trabajar\u00e1 en el Programa Anual de Desarrollo Archiv\u00edstico, mismo que hoy se le entreg\u00f3 al Presidente Municipal, Juan Mart\u00ednez Flores, que contiene los lineamientos en materia archiv\u00edstica que se deber\u00e1n atender, a fin de formalizar en conjunto con los dem\u00e1s documentos normativos el sistema institucional de archivos de la administraci\u00f3n p\u00fablica, inform\u00f3 el Secretario del Ayuntamiento, Fernando Morales Cruz.<\/p>\n\n\n\n<p>\u201cCon esto damos cabal cumplimiento a la Ley General de Archivos en una acci\u00f3n de transparencia, rendici\u00f3n de cuentas y sistema de gobierno abierto, y con ellos se suma a dos acciones realizadas que fue la integraci\u00f3n del sistema institucional de archivos y del grupo institucional de archivos, donde los enlaces de cada \u00e1rea ser\u00e1n los encargados de su manejo de documentos\u201d, dijo el funcionario municipal.<\/p>\n\n\n\n<p>Morales Cruz puntualiz\u00f3 que, esto ser\u00e1 ben\u00e9fico para la administraci\u00f3n p\u00fablica en tres puntos: la automatizaci\u00f3n de sistemas archiv\u00edstica, ya que cada \u00e1rea digitalizar\u00e1 y conservar\u00e1 sus documentos; segundo, se implementar\u00e1 el programa cero papel, buscando reducir al m\u00ednimo el consumo y la transferencia de documentos f\u00edsicos y privilegiar aquellos digitales; y por \u00faltimo, los procesos a la Ley General de Archivo, la conservaci\u00f3n de los documentos, en especial de la informaci\u00f3n que debe de estar al alcance de todos los ciudadanos que as\u00ed lo requieran.<\/p>\n\n\n\n<p>\u201cLo que se pretende es que cuando un ciudadano acuda a solicitar alguna informaci\u00f3n se encuentre debidamente conservada, ubicada y pueda ser de f\u00e1cil manejo para que, en el caso de ser legalmente procedente se le pueda otorgar a la persona\u201d, dijo el Secretario del Ayuntamiento.<\/p>\n\n\n\n<p>Estas acciones conllevan a dar certeza jur\u00eddica al Programa Anual de Desarrollo Archiv\u00edstico, que contempla un cronograma en la elaboraci\u00f3n del mismo, los cuadros de clasificaci\u00f3n archiv\u00edstica, gu\u00eda documental, capacitaci\u00f3n de los enlaces de cada \u00e1rea para hacer la baja documental y hacer la transferencia de aquellos que sean importantes para su conservaci\u00f3n en el inmueble, que ser\u00eda la \u00faltima etapa.<\/p>\n\n\n\n<p>Finalmente, indic\u00f3 que, se tiene que tener un inmueble municipal con las condiciones id\u00f3neas para su resguardo, sin humedad y condiciones de extinci\u00f3n de fuego, para que Protecci\u00f3n Civil haga su dictamen correspondiente, y se pueda proceder en hacer la transferencia o mudanza de estos documentos al archivo de concentraci\u00f3n.<\/p>\n","protected":false},"excerpt":{"rendered":"<p>Visitas: 7 En cumplimiento a la Ley General de Archivos, el Ayuntamiento de C\u00f3rdoba trabajar\u00e1 en el Programa Anual de Desarrollo Archiv\u00edstico, mismo que hoy se le entreg\u00f3 al Presidente Municipal, Juan Mart\u00ednez Flores, que contiene los lineamientos en materia archiv\u00edstica que se deber\u00e1n atender, a fin de formalizar en conjunto con los dem\u00e1s documentos [&hellip;]<\/p>\n","protected":false},"author":2,"featured_media":184797,"comment_status":"open","ping_status":"open","sticky":false,"template":"","format":"standard","meta":{"footnotes":""},"categories":[239,236],"tags":[],"class_list":{"0":"post-184794","1":"post","2":"type-post","3":"status-publish","4":"format-standard","5":"has-post-thumbnail","7":"category-cordoba","8":"category-zona-centro"},"nelio_content":{"isAutoShareEnabled":true,"autoShareEndMode":"never","automationSources":{"useCustomSentences":false,"customSentences":[]},"followers":[],"suggestedReferences":[],"efiUrl":"","efiAlt":"","highlights":[],"permalinkQueryArgs":[],"series":[]},"_links":{"self":[{"href":"https:\/\/www.enteratever.com\/2023\/wp-json\/wp\/v2\/posts\/184794","targetHints":{"allow":["GET"]}}],"collection":[{"href":"https:\/\/www.enteratever.com\/2023\/wp-json\/wp\/v2\/posts"}],"about":[{"href":"https:\/\/www.enteratever.com\/2023\/wp-json\/wp\/v2\/types\/post"}],"author":[{"embeddable":true,"href":"https:\/\/www.enteratever.com\/2023\/wp-json\/wp\/v2\/users\/2"}],"replies":[{"embeddable":true,"href":"https:\/\/www.enteratever.com\/2023\/wp-json\/wp\/v2\/comments?post=184794"}],"version-history":[{"count":1,"href":"https:\/\/www.enteratever.com\/2023\/wp-json\/wp\/v2\/posts\/184794\/revisions"}],"predecessor-version":[{"id":184798,"href":"https:\/\/www.enteratever.com\/2023\/wp-json\/wp\/v2\/posts\/184794\/revisions\/184798"}],"wp:featuredmedia":[{"embeddable":true,"href":"https:\/\/www.enteratever.com\/2023\/wp-json\/wp\/v2\/media\/184797"}],"wp:attachment":[{"href":"https:\/\/www.enteratever.com\/2023\/wp-json\/wp\/v2\/media?parent=184794"}],"wp:term":[{"taxonomy":"category","embeddable":true,"href":"https:\/\/www.enteratever.com\/2023\/wp-json\/wp\/v2\/categories?post=184794"},{"taxonomy":"post_tag","embeddable":true,"href":"https:\/\/www.enteratever.com\/2023\/wp-json\/wp\/v2\/tags?post=184794"}],"curies":[{"name":"wp","href":"https:\/\/api.w.org\/{rel}","templated":true}]}}