{"id":184786,"date":"2023-02-01T09:20:22","date_gmt":"2023-02-01T15:20:22","guid":{"rendered":"https:\/\/www.enteratever.com\/2023\/?p=184786"},"modified":"2023-02-01T09:20:23","modified_gmt":"2023-02-01T15:20:23","slug":"logran-acuerdos-en-primera-reunion-de-la-red-veracruzana-de-municipios-por-la-salud","status":"publish","type":"post","link":"https:\/\/www.enteratever.com\/2023\/2023\/02\/01\/logran-acuerdos-en-primera-reunion-de-la-red-veracruzana-de-municipios-por-la-salud\/","title":{"rendered":"Logran acuerdos en primera reuni\u00f3n de la Red Veracruzana de Municipios por la Salud"},"content":{"rendered":"<p>Visitas: 6<\/p>\n<p>Cumpliendo el compromiso para garantizar el bienestar social, el Gobierno Municipal de Coatzacoalcos, particip\u00f3 en la primera reuni\u00f3n regional de la Red Veracruzana de Municipios por la Salud (RVMS), con sede en Minatitl\u00e1n.<\/p>\n\n\n\n<p>Con la presencia de los alcaldes que integran la Jurisdicci\u00f3n Sanitaria XI, se presentaron los resultados y avances para conocer los procesos de certificaci\u00f3n de espacios p\u00fablicos, las actividades programadas para el a\u00f1o 2023, as\u00ed como las acciones municipales para disminuir el riesgo de trasmisi\u00f3n del dengue y paludismo.<\/p>\n\n\n\n<p>El objetivo es promover la cooperaci\u00f3n y el desarrollo de programas de trabajo municipal en la promoci\u00f3n de la salud y establecer v\u00ednculos con los Servicios de Salud de Veracruz (SESVER), para dar mayor impulso a las estrategias.<\/p>\n\n\n\n<p>En esta primera reuni\u00f3n regional, se lograron los acuerdos para la realizaci\u00f3n de las pr\u00f3ximas reuniones con la participaci\u00f3n de los 18 municipios que integran la red, implementar acciones integrales, presentar avances para la prevenci\u00f3n y mitigaci\u00f3n de las enfermedades transmitidas por vector y as\u00ed como dar seguimiento a los procesos de certificaci\u00f3n.<\/p>\n","protected":false},"excerpt":{"rendered":"<p>Visitas: 6 Cumpliendo el compromiso para garantizar el bienestar social, el Gobierno Municipal de Coatzacoalcos, particip\u00f3 en la primera reuni\u00f3n regional de la Red Veracruzana de Municipios por la Salud (RVMS), con sede en Minatitl\u00e1n. Con la presencia de los alcaldes que integran la Jurisdicci\u00f3n Sanitaria XI, se presentaron los resultados y avances para conocer [&hellip;]<\/p>\n","protected":false},"author":2,"featured_media":184788,"comment_status":"open","ping_status":"open","sticky":false,"template":"","format":"standard","meta":{"footnotes":""},"categories":[242,241],"tags":[],"class_list":{"0":"post-184786","1":"post","2":"type-post","3":"status-publish","4":"format-standard","5":"has-post-thumbnail","7":"category-coatzacoalcos","8":"category-zona-sur"},"nelio_content":{"isAutoShareEnabled":true,"autoShareEndMode":"never","automationSources":{"useCustomSentences":false,"customSentences":[]},"followers":[],"suggestedReferences":[],"efiUrl":"","efiAlt":"","highlights":[],"permalinkQueryArgs":[],"series":[]},"_links":{"self":[{"href":"https:\/\/www.enteratever.com\/2023\/wp-json\/wp\/v2\/posts\/184786","targetHints":{"allow":["GET"]}}],"collection":[{"href":"https:\/\/www.enteratever.com\/2023\/wp-json\/wp\/v2\/posts"}],"about":[{"href":"https:\/\/www.enteratever.com\/2023\/wp-json\/wp\/v2\/types\/post"}],"author":[{"embeddable":true,"href":"https:\/\/www.enteratever.com\/2023\/wp-json\/wp\/v2\/users\/2"}],"replies":[{"embeddable":true,"href":"https:\/\/www.enteratever.com\/2023\/wp-json\/wp\/v2\/comments?post=184786"}],"version-history":[{"count":1,"href":"https:\/\/www.enteratever.com\/2023\/wp-json\/wp\/v2\/posts\/184786\/revisions"}],"predecessor-version":[{"id":184791,"href":"https:\/\/www.enteratever.com\/2023\/wp-json\/wp\/v2\/posts\/184786\/revisions\/184791"}],"wp:featuredmedia":[{"embeddable":true,"href":"https:\/\/www.enteratever.com\/2023\/wp-json\/wp\/v2\/media\/184788"}],"wp:attachment":[{"href":"https:\/\/www.enteratever.com\/2023\/wp-json\/wp\/v2\/media?parent=184786"}],"wp:term":[{"taxonomy":"category","embeddable":true,"href":"https:\/\/www.enteratever.com\/2023\/wp-json\/wp\/v2\/categories?post=184786"},{"taxonomy":"post_tag","embeddable":true,"href":"https:\/\/www.enteratever.com\/2023\/wp-json\/wp\/v2\/tags?post=184786"}],"curies":[{"name":"wp","href":"https:\/\/api.w.org\/{rel}","templated":true}]}}