{"id":184782,"date":"2023-01-31T18:44:03","date_gmt":"2023-02-01T00:44:03","guid":{"rendered":"https:\/\/www.enteratever.com\/2023\/?p=184782"},"modified":"2023-01-31T18:44:04","modified_gmt":"2023-02-01T00:44:04","slug":"estructuras-del-movimiento-independencia-junto-a-mezhua-tomaran-protesta-en-papantla","status":"publish","type":"post","link":"https:\/\/www.enteratever.com\/2023\/2023\/01\/31\/estructuras-del-movimiento-independencia-junto-a-mezhua-tomaran-protesta-en-papantla\/","title":{"rendered":"Estructuras del movimiento independencia junto a Mezhua tomar\u00e1n protesta en Papantla"},"content":{"rendered":"<p>Visitas: 4<\/p>\n<p>El ex alcalde Zongolica, ha recorrido parte del estado de Veracruz, con la finalidad de hacer un frente independiente, esto con miras a la pr\u00f3xima contienda electoral de 2024, raz\u00f3n por la que se tomar\u00e1n protesta a los comit\u00e9s.<\/p>\n\n\n\n<p>C\u00f3mo tal, el coordinador de dicho movimiento independiente en la zona del Totonacapan es Roberto Jim\u00e9nez, un ex regidor del PRD en Papantla, hoy dirigente distrital del Movimiento Independiente de la zona norte.<\/p>\n\n\n\n<p>Para la toma de protesta de dichos comit\u00e9s, se espera la presencia de Juan Carlos Mezhua, para dar certeza a la organizaci\u00f3n independiente durante el pr\u00f3ximo domingo.<\/p>\n\n\n\n<figure class=\"wp-block-gallery has-nested-images columns-1 wp-block-gallery-1 is-layout-flex wp-block-gallery-is-layout-flex\">\n<figure class=\"wp-block-image size-full\"><img loading=\"lazy\" decoding=\"async\" width=\"1280\" height=\"853\" data-id=\"184783\" src=\"https:\/\/www.enteratever.com\/2023\/wp-content\/uploads\/2023\/01\/WhatsApp-Image-2023-01-31-at-17.22.0.jpg\" alt=\"\" class=\"wp-image-184783\" srcset=\"https:\/\/www.enteratever.com\/2023\/wp-content\/uploads\/2023\/01\/WhatsApp-Image-2023-01-31-at-17.22.0.jpg 1280w, https:\/\/www.enteratever.com\/2023\/wp-content\/uploads\/2023\/01\/WhatsApp-Image-2023-01-31-at-17.22.0-300x200.jpg 300w, https:\/\/www.enteratever.com\/2023\/wp-content\/uploads\/2023\/01\/WhatsApp-Image-2023-01-31-at-17.22.0-1024x682.jpg 1024w, https:\/\/www.enteratever.com\/2023\/wp-content\/uploads\/2023\/01\/WhatsApp-Image-2023-01-31-at-17.22.0-768x512.jpg 768w, https:\/\/www.enteratever.com\/2023\/wp-content\/uploads\/2023\/01\/WhatsApp-Image-2023-01-31-at-17.22.0-150x100.jpg 150w, https:\/\/www.enteratever.com\/2023\/wp-content\/uploads\/2023\/01\/WhatsApp-Image-2023-01-31-at-17.22.0-696x464.jpg 696w, https:\/\/www.enteratever.com\/2023\/wp-content\/uploads\/2023\/01\/WhatsApp-Image-2023-01-31-at-17.22.0-1068x712.jpg 1068w\" sizes=\"auto, (max-width: 1280px) 100vw, 1280px\" \/><\/figure>\n\n\n\n<figure class=\"wp-block-image size-full\"><img loading=\"lazy\" decoding=\"async\" width=\"1280\" height=\"853\" data-id=\"184784\" src=\"https:\/\/www.enteratever.com\/2023\/wp-content\/uploads\/2023\/01\/WhatsApp-Image-2023-01-31-at-17.22.01.jpg\" alt=\"\" class=\"wp-image-184784\" srcset=\"https:\/\/www.enteratever.com\/2023\/wp-content\/uploads\/2023\/01\/WhatsApp-Image-2023-01-31-at-17.22.01.jpg 1280w, https:\/\/www.enteratever.com\/2023\/wp-content\/uploads\/2023\/01\/WhatsApp-Image-2023-01-31-at-17.22.01-300x200.jpg 300w, https:\/\/www.enteratever.com\/2023\/wp-content\/uploads\/2023\/01\/WhatsApp-Image-2023-01-31-at-17.22.01-1024x682.jpg 1024w, https:\/\/www.enteratever.com\/2023\/wp-content\/uploads\/2023\/01\/WhatsApp-Image-2023-01-31-at-17.22.01-768x512.jpg 768w, https:\/\/www.enteratever.com\/2023\/wp-content\/uploads\/2023\/01\/WhatsApp-Image-2023-01-31-at-17.22.01-150x100.jpg 150w, https:\/\/www.enteratever.com\/2023\/wp-content\/uploads\/2023\/01\/WhatsApp-Image-2023-01-31-at-17.22.01-696x464.jpg 696w, https:\/\/www.enteratever.com\/2023\/wp-content\/uploads\/2023\/01\/WhatsApp-Image-2023-01-31-at-17.22.01-1068x712.jpg 1068w\" sizes=\"auto, (max-width: 1280px) 100vw, 1280px\" \/><\/figure>\n<\/figure>\n","protected":false},"excerpt":{"rendered":"<p>Visitas: 4 El ex alcalde Zongolica, ha recorrido parte del estado de Veracruz, con la finalidad de hacer un frente independiente, esto con miras a la pr\u00f3xima contienda electoral de 2024, raz\u00f3n por la que se tomar\u00e1n protesta a los comit\u00e9s. C\u00f3mo tal, el coordinador de dicho movimiento independiente en la zona del Totonacapan es [&hellip;]<\/p>\n","protected":false},"author":3,"featured_media":184784,"comment_status":"open","ping_status":"open","sticky":false,"template":"","format":"standard","meta":{"footnotes":""},"categories":[215,219],"tags":[41],"class_list":{"0":"post-184782","1":"post","2":"type-post","3":"status-publish","4":"format-standard","5":"has-post-thumbnail","7":"category-papantla","8":"category-zona-norte","9":"tag-portada"},"nelio_content":{"isAutoShareEnabled":true,"autoShareEndMode":"never","automationSources":{"useCustomSentences":false,"customSentences":[]},"followers":[],"suggestedReferences":[],"efiUrl":"","efiAlt":"","highlights":[],"permalinkQueryArgs":[],"series":[]},"_links":{"self":[{"href":"https:\/\/www.enteratever.com\/2023\/wp-json\/wp\/v2\/posts\/184782","targetHints":{"allow":["GET"]}}],"collection":[{"href":"https:\/\/www.enteratever.com\/2023\/wp-json\/wp\/v2\/posts"}],"about":[{"href":"https:\/\/www.enteratever.com\/2023\/wp-json\/wp\/v2\/types\/post"}],"author":[{"embeddable":true,"href":"https:\/\/www.enteratever.com\/2023\/wp-json\/wp\/v2\/users\/3"}],"replies":[{"embeddable":true,"href":"https:\/\/www.enteratever.com\/2023\/wp-json\/wp\/v2\/comments?post=184782"}],"version-history":[{"count":1,"href":"https:\/\/www.enteratever.com\/2023\/wp-json\/wp\/v2\/posts\/184782\/revisions"}],"predecessor-version":[{"id":184785,"href":"https:\/\/www.enteratever.com\/2023\/wp-json\/wp\/v2\/posts\/184782\/revisions\/184785"}],"wp:featuredmedia":[{"embeddable":true,"href":"https:\/\/www.enteratever.com\/2023\/wp-json\/wp\/v2\/media\/184784"}],"wp:attachment":[{"href":"https:\/\/www.enteratever.com\/2023\/wp-json\/wp\/v2\/media?parent=184782"}],"wp:term":[{"taxonomy":"category","embeddable":true,"href":"https:\/\/www.enteratever.com\/2023\/wp-json\/wp\/v2\/categories?post=184782"},{"taxonomy":"post_tag","embeddable":true,"href":"https:\/\/www.enteratever.com\/2023\/wp-json\/wp\/v2\/tags?post=184782"}],"curies":[{"name":"wp","href":"https:\/\/api.w.org\/{rel}","templated":true}]}}