{"id":184769,"date":"2023-01-31T16:06:53","date_gmt":"2023-01-31T22:06:53","guid":{"rendered":"https:\/\/www.enteratever.com\/2023\/?p=184769"},"modified":"2023-01-31T16:06:54","modified_gmt":"2023-01-31T22:06:54","slug":"inaugura-paty-lobeira-de-yunes-la-rehabilitacion-integral-del-parque-los-pinitos","status":"publish","type":"post","link":"https:\/\/www.enteratever.com\/2023\/2023\/01\/31\/inaugura-paty-lobeira-de-yunes-la-rehabilitacion-integral-del-parque-los-pinitos\/","title":{"rendered":"Inaugura Paty Lobeira de Yunes la rehabilitaci\u00f3n integral del Parque \u201cLos Pinitos\u201d"},"content":{"rendered":"<p>Visitas: 10<\/p>\n<p>La alcaldesa Paty Lobeira de Yunes realiz\u00f3 este martes la inauguraci\u00f3n de la rehabilitaci\u00f3n integral del Parque \u201cLos Pinitos\u201d, para que los veracruzanos puedan disfrutar de este importante espacio de recreaci\u00f3n familiar, adem\u00e1s de mejorar la imagen urbana de uno de los principales puntos de acceso a la ciudad.<\/p>\n\n\n\n<p>\u201cEstoy muy contenta el d\u00eda de hoy con esta inauguraci\u00f3n, se hizo un trabajo intenso en su rehabilitaci\u00f3n y ya la gente lo puede disfrutar; durante mi gobierno, fomentar la sana convivencia a trave\u0301s de la recreaci\u00f3n y el deporte es una prioridad\u201d, afirm\u00f3 la Alcaldesa.<\/p>\n\n\n\n<p>Detall\u00f3 que en este parque, por la densa vegetaci\u00f3n que tiene, se colocaron 50 nuevos postes con luminarias y reflectores para tener mejor iluminaci\u00f3n, y para mayor seguridad se rehabilit\u00f3 la caseta de polic\u00eda para que esta zona este m\u00e1s vigilada.<\/p>\n\n\n\n<p>La Alcaldesa Paty Lobeira de Yunes manifest\u00f3 se realiz\u00f3 la rehabilitaci\u00f3n de las canchas de f\u00fatbol, basquetbol, voleibol, las gradas y los andadores, con resane y pintura, as\u00ed tambi\u00e9n se instalaron nuevas redes en porter\u00edas y canastas, y se coloc\u00f3 se\u00f1al\u00e9tica nueva alrededor de todo el parque, dejando todo en perfectas condiciones.<\/p>\n\n\n\n<p>Manifest\u00f3 que tambi\u00e9n se rehabilit\u00f3 el \u00e1rea de asadores y se instalaron mesas y bancas de picnic, para que las familias disfruten de una sana convivencia al aire libre; se repararon los ba\u00f1os, se impermeabiliz\u00f3 las losas y se renov\u00f3 toda la instalaci\u00f3n el\u00e9ctrica, se instalaron botes de basura y se colocaron tapas de registro hidra\u0301ulico y ele\u0301ctrico.<\/p>\n\n\n\n<p>Tambi\u00e9n se instalaron juegos infantiles de buena calidad, con espacio para 54 ni\u00f1os, y columpios para los adultos mayores para que estimulen su coordinacio\u0301n, su flexibilidad y su equilibrio al aire libre.<\/p>\n\n\n\n<p>La Alcaldesa destac\u00f3 que se habilit\u00f3 un \u00e1rea de juegos para las mascotas con aros, un t\u00fanel y obst\u00e1culos. \u201cEste es el primer parque con la modalidad para los perros, para las mascotas, que puedan venir a disfrutar en familia y pasar un rato agradable\u201d, dijo.<\/p>\n\n\n\n<p>\u201cTambi\u00e9n se realiz\u00f3 la poda de \u00e1rboles y se sembraron plantas de ornato; como se puede ver cuando estamos entrando a la ciudad de Veracruz ya se empiezan a ver m\u00e1s plantas en este parque\u201d, a\u00f1adi\u00f3.<\/p>\n\n\n\n<p>Por \u00faltim\u00f3, la Alcaldesa anunci\u00f3 que este parque \u201cLos Pinitos\u201d, sera\u0301 administrado por la Direccio\u0301n de Deporte del Ayuntamiento, y muy pronto se aperturar\u00e1 aqui\u0301 a la \u201cEscuelita Municipal de Fu\u0301tbol\u201d para todas y todos los nin\u0303os, y se estara\u0301n realizando torneos de fu\u0301tbol, ba\u0301squetbol y vo\u0301leibol, adem\u00e1s de clases de zumba completamente gratuitas.<\/p>\n\n\n\n<p>El Parque Los Pinitos es el tercer parque m\u00e1s grande de la ciudad y tambi\u00e9n uno de las m\u00e1s representativos. \u201cLo que queremos es recuperar estos espacios p\u00fablicos para que todos los veracruzanos puedan venir a disfrutarlos\u201d, concluy\u00f3 la alcaldesa Paty Lobeira de Yunes.<\/p>\n","protected":false},"excerpt":{"rendered":"<p>Visitas: 10 La alcaldesa Paty Lobeira de Yunes realiz\u00f3 este martes la inauguraci\u00f3n de la rehabilitaci\u00f3n integral del Parque \u201cLos Pinitos\u201d, para que los veracruzanos puedan disfrutar de este importante espacio de recreaci\u00f3n familiar, adem\u00e1s de mejorar la imagen urbana de uno de los principales puntos de acceso a la ciudad. \u201cEstoy muy contenta el [&hellip;]<\/p>\n","protected":false},"author":2,"featured_media":184770,"comment_status":"open","ping_status":"open","sticky":false,"template":"","format":"standard","meta":{"footnotes":""},"categories":[238,236],"tags":[],"class_list":{"0":"post-184769","1":"post","2":"type-post","3":"status-publish","4":"format-standard","5":"has-post-thumbnail","7":"category-veracruz","8":"category-zona-centro"},"nelio_content":{"isAutoShareEnabled":true,"autoShareEndMode":"never","automationSources":{"useCustomSentences":false,"customSentences":[]},"followers":[],"suggestedReferences":[],"efiUrl":"","efiAlt":"","highlights":[],"permalinkQueryArgs":[],"series":[]},"_links":{"self":[{"href":"https:\/\/www.enteratever.com\/2023\/wp-json\/wp\/v2\/posts\/184769","targetHints":{"allow":["GET"]}}],"collection":[{"href":"https:\/\/www.enteratever.com\/2023\/wp-json\/wp\/v2\/posts"}],"about":[{"href":"https:\/\/www.enteratever.com\/2023\/wp-json\/wp\/v2\/types\/post"}],"author":[{"embeddable":true,"href":"https:\/\/www.enteratever.com\/2023\/wp-json\/wp\/v2\/users\/2"}],"replies":[{"embeddable":true,"href":"https:\/\/www.enteratever.com\/2023\/wp-json\/wp\/v2\/comments?post=184769"}],"version-history":[{"count":1,"href":"https:\/\/www.enteratever.com\/2023\/wp-json\/wp\/v2\/posts\/184769\/revisions"}],"predecessor-version":[{"id":184771,"href":"https:\/\/www.enteratever.com\/2023\/wp-json\/wp\/v2\/posts\/184769\/revisions\/184771"}],"wp:featuredmedia":[{"embeddable":true,"href":"https:\/\/www.enteratever.com\/2023\/wp-json\/wp\/v2\/media\/184770"}],"wp:attachment":[{"href":"https:\/\/www.enteratever.com\/2023\/wp-json\/wp\/v2\/media?parent=184769"}],"wp:term":[{"taxonomy":"category","embeddable":true,"href":"https:\/\/www.enteratever.com\/2023\/wp-json\/wp\/v2\/categories?post=184769"},{"taxonomy":"post_tag","embeddable":true,"href":"https:\/\/www.enteratever.com\/2023\/wp-json\/wp\/v2\/tags?post=184769"}],"curies":[{"name":"wp","href":"https:\/\/api.w.org\/{rel}","templated":true}]}}